{"id":498562,"date":"2021-03-04T00:04:50","date_gmt":"2021-03-04T06:04:50","guid":{"rendered":"https:\/\/www.diarioimagen.net\/?p=498562"},"modified":"2021-03-04T02:26:45","modified_gmt":"2021-03-04T08:26:45","slug":"el-pan-en-las-arenas-movedizas-i","status":"publish","type":"post","link":"https:\/\/www.diarioimagen.net\/?p=498562","title":{"rendered":"El PAN, en las arenas movedizas \u2022 I"},"content":{"rendered":"<h2>Punto por punto<\/h2>\n<h5>Augusto Corro<\/h5>\n<p style=\"text-align: right;\"><em>Primera de dos partes<\/em><\/p>\n<p>&nbsp;<\/p>\n<p>El Partido Acci\u00f3n Nacional (PAN) vive momentos dif\u00edciles ante la falta de liderazgos que lo saquen de las arenas movedizas de la pol\u00edtica a la mexicana.<\/p>\n<p>Ante esa condici\u00f3n, no faltan los vivales que se acerca a esa organizaci\u00f3n pol\u00edtica para conseguir beneficios personales.<\/p>\n<p>Sin ninguna ideolog\u00eda, esos sujetos que se erigen como l\u00edderes s\u00f3lo son cartuchos quemados que pretenden enga\u00f1ar a incautos.<\/p>\n<p>Acci\u00f3n Nacional hace varios sexenios que dej\u00f3 de ser el verdadero partido de la oposici\u00f3n en M\u00e9xico.<\/p>\n<p>Su lucha pol\u00edtica le permiti\u00f3 alcanzar el poder en\u00a0 2000, cuando gan\u00f3 las elecciones el boquiflojo guanajuatense, Vicente Fox.<\/p>\n<p>El neopanista tuvo la posibilidad de darle a M\u00e9xico un nuevo rumbo en todos los renglones de la vida de un pa\u00eds sometido a los designios de gobiernos priistas.\u00a0 No lo hizo y permiti\u00f3 que gobernara su esposa, Martha Sahag\u00fan, quien estuvo a punto de continuar con el poder de su marido en la Presidencia de la Rep\u00fablica.<\/p>\n<p>Fox no llev\u00f3 a cabo el cambio esperado y decidi\u00f3 que lo sucediera en el cargo el michoacano Felipe Calder\u00f3n Hinojosa.<\/p>\n<p>En el gobierno presidencial panista ya no fue m\u00e1s de lo mismo. Para justificar el fraude electoral que lo encumbr\u00f3 a la presidencia, Calder\u00f3n declar\u00f3 la guerra a la delincuencia organizada.<\/p>\n<p>El resultado de ese fracaso todo mundo lo conoce: miles de asesinados, desaparecidos y hogares enlutados.\u00a0 Acci\u00f3n Nacional empez\u00f3 a perder presencia y simpat\u00edas en el electorado. Con la derrota a cuestas, Calder\u00f3n vio como el Partido Revolucionario Institucional (PRI) recuperaba la presidencia de la Rep\u00fablica.<\/p>\n<p>Dos sexenios en el poder fueron desaprovechados por los l\u00edderes panistas para fortalecer a su partido.<\/p>\n<p>Optaron por las pugnas internas que debilitaron a Acci\u00f3n Nacional. El presidente Calder\u00f3n quiso adue\u00f1arse del partido y casi lo logra.<\/p>\n<p>Esa acci\u00f3n ambiciosa fue el preludio de lo que ocurrir\u00eda despu\u00e9s en la vida del partido. La jerarqu\u00eda panista no permiti\u00f3 que el delf\u00edn del mandatario, Ernesto Cordero, fuera el candidato blanquiazul en la contienda electoral presidencial.<\/p>\n<p>Fue Josefina V\u00e1zquez Mota la designada para la candidatura. Hecho que empez\u00f3 a marcar el descontento de Calder\u00f3n con su partido.\u00a0 El pleito de los panistas se agudiz\u00f3 cuando en las \u00faltimas elecciones presidenciales, Ricardo Anaya result\u00f3 electo como abanderado panista, contra el deseo del michoacano.<\/p>\n<p>El \u201cjoven maravilla\u201d se sacudi\u00f3 a Calder\u00f3n y a su esposa. Ella quer\u00eda un curul en San L\u00e1zaro, pero los propios panistas se la negaron. El matrimonio Calder\u00f3n-Zavala opt\u00f3 por renunciar al partido blanquiazul y seguir en la \u201cgrilla\u201d pero ya como due\u00f1os de una organizaci\u00f3n pol\u00edtica.<\/p>\n<p>Margarita Zavala se fue por la libre y decidi\u00f3 participar como candidata independiente en la contienda electoral. Luego renunciar\u00eda.<\/p>\n<p>Con sus fracasos, los esposos Calder\u00f3n-Zavala se empe\u00f1aron en la formaci\u00f3n de un partido que les permitiera actuar a sus anchas. As\u00ed empez\u00f3 a formarse el partido M\u00e9xico Libre. El ex presidente y su esposa hicieron hasta lo imposible para obtener el registro como organizaci\u00f3n pol\u00edtica, pero las autoridades electorales se lo negaron.\u00a0 En el presente, los Calder\u00f3n-Zavala buscan limar asperezas con Acci\u00f3n Nacional, que como se\u00f1alamos que cada vez que se mueve m\u00e1s se hunde en las arenas movedizas de la pol\u00edtica a la mexicana. (<em>continuar\u00e1<\/em>)<\/p>\n<p style=\"text-align: center;\"><strong>Puntos suspensivos\u2026<\/strong><\/p>\n<p>Los partidos pol\u00edticos se preparan para participar en las elecciones intermedias m\u00e1s importantes efectuadas en M\u00e9xico, en la \u00e9poca moderna.<\/p>\n<p>En ese sentido, la presidenta del PRD capitalino, Nora Arias Contreras, present\u00f3 al Instituto Electoral de la Ciudad de M\u00e9xico, la plataforma electoral de su partido, con las siguientes caracter\u00edsticas: \u201cEs vanguardista, con perspectiva de g\u00e9nero y en defensa de los organismos aut\u00f3nomos para el equilibrio de poderes\u201d.<\/p>\n<p>Dijo la dirigente que el programa electoral representa el compromiso genuino del PRD en la Ciudad, \u201cpara promover y establecer la igualdad sustantiva, con perspectiva de g\u00e9nero como pol\u00edtica p\u00fablica, en una ciudad donde los derechos y libertades han sido ejemplo para todo el pa\u00eds\u201d.<\/p>\n<p>Tambi\u00e9n expres\u00f3 que debido al incremento de la violencia contra la mujer y el \u201cfracaso\u201d que ha representado la declaratoria de Alerta de Violencia de G\u00e9nero, el PRD propone medidas de protecci\u00f3n de reacci\u00f3n inmediata, protocolos eficientes de impartici\u00f3n de justicia, capacitaci\u00f3n de servidores p\u00fablicos, y el restablecimiento de los centros de atenci\u00f3n integral de la mujer.<\/p>\n<p><a href=\"mailto:aco2742@hotmail.com\" target=\"_blank\" rel=\"noopener noreferrer\"><em>aco2742@hotmail.com<\/em><\/a><\/p>\n","protected":false},"excerpt":{"rendered":"<p><span style=\"color: #005497;\"><strong>Augusto Corro<\/strong><\/span><\/p>\n","protected":false},"author":3,"featured_media":0,"comment_status":"open","ping_status":"open","sticky":false,"template":"","format":"standard","meta":{"_monsterinsights_skip_tracking":false,"_monsterinsights_sitenote_active":false,"_monsterinsights_sitenote_note":"","_monsterinsights_sitenote_category":0,"footnotes":""},"categories":[157],"tags":[43686,43674,11515],"class_list":["post-498562","post","type-post","status-publish","format-standard","hentry","category-augusto-corro","tag-augusto-corro","tag-opinion","tag-punto-por-punto"],"_links":{"self":[{"href":"https:\/\/www.diarioimagen.net\/index.php?rest_route=\/wp\/v2\/posts\/498562","targetHints":{"allow":["GET"]}}],"collection":[{"href":"https:\/\/www.diarioimagen.net\/index.php?rest_route=\/wp\/v2\/posts"}],"about":[{"href":"https:\/\/www.diarioimagen.net\/index.php?rest_route=\/wp\/v2\/types\/post"}],"author":[{"embeddable":true,"href":"https:\/\/www.diarioimagen.net\/index.php?rest_route=\/wp\/v2\/users\/3"}],"replies":[{"embeddable":true,"href":"https:\/\/www.diarioimagen.net\/index.php?rest_route=%2Fwp%2Fv2%2Fcomments&post=498562"}],"version-history":[{"count":0,"href":"https:\/\/www.diarioimagen.net\/index.php?rest_route=\/wp\/v2\/posts\/498562\/revisions"}],"wp:attachment":[{"href":"https:\/\/www.diarioimagen.net\/index.php?rest_route=%2Fwp%2Fv2%2Fmedia&parent=498562"}],"wp:term":[{"taxonomy":"category","embeddable":true,"href":"https:\/\/www.diarioimagen.net\/index.php?rest_route=%2Fwp%2Fv2%2Fcategories&post=498562"},{"taxonomy":"post_tag","embeddable":true,"href":"https:\/\/www.diarioimagen.net\/index.php?rest_route=%2Fwp%2Fv2%2Ftags&post=498562"}],"curies":[{"name":"wp","href":"https:\/\/api.w.org\/{rel}","templated":true}]}}