{"id":498639,"date":"2021-03-05T00:06:41","date_gmt":"2021-03-05T06:06:41","guid":{"rendered":"https:\/\/www.diarioimagen.net\/?p=498639"},"modified":"2021-03-07T22:39:50","modified_gmt":"2021-03-08T04:39:50","slug":"inician-jornadas-de-promocion-y-comparecencias-de-aspirantes-a-la-rectoria-de-la-uaem","status":"publish","type":"post","link":"https:\/\/www.diarioimagen.net\/?p=498639","title":{"rendered":"Inician jornadas de promoci\u00f3n y comparecencias de aspirantes a la rector\u00eda de la UAEM"},"content":{"rendered":"<p>&nbsp;<\/p>\n<ul>\n<li><strong><em>Como lo indica la convocatoria para el proceso de elecci\u00f3n de rector para el periodo 2021-2025, los tres aspirantes iniciaron con la presentaci\u00f3n de sus planes de trabajo ante la comunidad universitaria<\/em><\/strong><\/li>\n<\/ul>\n<p>&nbsp;<\/p>\n<div id=\"attachment_498752\" style=\"width: 470px\" class=\"wp-caption aligncenter\"><a href=\"https:\/\/www.diarioimagen.net\/?attachment_id=498752\" rel=\"attachment wp-att-498752\"><img loading=\"lazy\" decoding=\"async\" aria-describedby=\"caption-attachment-498752\" class=\"size-full wp-image-498752\" src=\"https:\/\/www.diarioimagen.net\/wp-content\/uploads\/2021\/03\/uaemPortada.jpg\" alt=\"\" width=\"460\" height=\"270\" \/><\/a><p id=\"caption-attachment-498752\" class=\"wp-caption-text\">Los aspirantes a la rector\u00eda de la Universidad Aut\u00f3noma del Estado de M\u00e9xico para el periodo 2021-2025, Carlos Eduardo Barrera D\u00edaz, Yolanda Eugenia Ballesteros Sent\u00edes y Luis Ra\u00fal Ortiz Ram\u00edrez.<\/p><\/div>\n<p>&nbsp;<\/p>\n<p><strong>Toluca, Estado de M\u00e9xico.\u2013<\/strong> Con estrictas medidas de higiene, seguridad y protecci\u00f3n, los aspirantes a la rector\u00eda de la Universidad Aut\u00f3noma del Estado de M\u00e9xico para el periodo 2021-2025, Yolanda Eugenia Ballesteros Sent\u00edes, Carlos Eduardo Barrera D\u00edaz y Luis Ra\u00fal Ortiz Ram\u00edrez, iniciaron las jornadas de promoci\u00f3n y comparecencias institucionales para presentar sus propuestas y planes de trabajo ante la comunidad universitaria.<\/p>\n<p>Como lo indica la convocatoria para el proceso de elecci\u00f3n de rector aprobada por el H. Consejo Universitario de la UAEM, a partir de este jueves y hasta el 30 de abril, los aspirantes tendr\u00e1n la oportunidad de compartir sus propuestas e interactuar con la comunidad estudiantil, docente y personal administrativo del espacio al que acudan.<\/p>\n<p>A trav\u00e9s de las modalidades presencial y mixta, los aspirantes asistir\u00e1n a los espacios acad\u00e9micos de la Aut\u00f3noma mexiquense acompa\u00f1ados de un n\u00famero reducido de representantes universitarios, por lo que las sesiones de trabajo se transmitir\u00e1n en vivo a trav\u00e9s de la plataforma Microsoft Teams para que la comunidad de ese espacio universitario conozca el plan de trabajo de cada aspirante.<\/p>\n<p>Este jueves, Yolanda Eugenia Ballesteros Sent\u00edes expuso su plan de trabajo en las Facultades de Turismo y Gastronom\u00eda y Humanidades; Carlos Barrera Diaz se present\u00f3\u00a0 en la Facultad de Medicina Veterinaria y Zootecnia y en el Instituto de Ciencias Agropecuarias y Rurales; y Luis Ra\u00fal Ortiz Ramirez acudi\u00f3 a las facultades de Antropolog\u00eda y Lenguas de la UAEM.<\/p>\n<p>Cabe mencionar que las jornadas de promoci\u00f3n y comparecencias institucionales tienen por objeto promover el di\u00e1logo y la comunicaci\u00f3n con la comunidad universitaria a fin de identificar los desaf\u00edos universitarios, proponer soluciones y generar una opini\u00f3n entre la comunidad universitaria respecto a la idoneidad para ocupar el cargo de la rector\u00eda.<\/p>\n","protected":false},"excerpt":{"rendered":"<p>Con estrictas medidas de higiene, seguridad y protecci\u00f3n, los aspirantes a la rector\u00eda de la Universidad Aut\u00f3noma del Estado de M\u00e9xico para el periodo 2021-2025, Yolanda Eugenia Ballesteros Sent\u00edes, Carlos Eduardo Barrera D\u00edaz y Luis Ra\u00fal Ortiz Ram\u00edrez, iniciaron las jornadas de promoci\u00f3n y comparecencias institucionales para presentar sus propuestas y planes de trabajo ante la comunidad universitaria.<\/p>\n","protected":false},"author":3,"featured_media":498752,"comment_status":"open","ping_status":"open","sticky":false,"template":"","format":"standard","meta":{"_monsterinsights_skip_tracking":false,"_monsterinsights_sitenote_active":false,"_monsterinsights_sitenote_note":"","_monsterinsights_sitenote_category":0,"footnotes":""},"categories":[5],"tags":[43675,452,1491,1490],"class_list":["post-498639","post","type-post","status-publish","format-standard","has-post-thumbnail","hentry","category-estado-de-mexico","tag-estado-de-mexico","tag-toluca","tag-uaem","tag-universidad-autonoma-del-estado-de-mexico"],"_links":{"self":[{"href":"https:\/\/www.diarioimagen.net\/index.php?rest_route=\/wp\/v2\/posts\/498639","targetHints":{"allow":["GET"]}}],"collection":[{"href":"https:\/\/www.diarioimagen.net\/index.php?rest_route=\/wp\/v2\/posts"}],"about":[{"href":"https:\/\/www.diarioimagen.net\/index.php?rest_route=\/wp\/v2\/types\/post"}],"author":[{"embeddable":true,"href":"https:\/\/www.diarioimagen.net\/index.php?rest_route=\/wp\/v2\/users\/3"}],"replies":[{"embeddable":true,"href":"https:\/\/www.diarioimagen.net\/index.php?rest_route=%2Fwp%2Fv2%2Fcomments&post=498639"}],"version-history":[{"count":0,"href":"https:\/\/www.diarioimagen.net\/index.php?rest_route=\/wp\/v2\/posts\/498639\/revisions"}],"wp:featuredmedia":[{"embeddable":true,"href":"https:\/\/www.diarioimagen.net\/index.php?rest_route=\/wp\/v2\/media\/498752"}],"wp:attachment":[{"href":"https:\/\/www.diarioimagen.net\/index.php?rest_route=%2Fwp%2Fv2%2Fmedia&parent=498639"}],"wp:term":[{"taxonomy":"category","embeddable":true,"href":"https:\/\/www.diarioimagen.net\/index.php?rest_route=%2Fwp%2Fv2%2Fcategories&post=498639"},{"taxonomy":"post_tag","embeddable":true,"href":"https:\/\/www.diarioimagen.net\/index.php?rest_route=%2Fwp%2Fv2%2Ftags&post=498639"}],"curies":[{"name":"wp","href":"https:\/\/api.w.org\/{rel}","templated":true}]}}