{"id":498656,"date":"2021-03-05T00:03:58","date_gmt":"2021-03-05T06:03:58","guid":{"rendered":"https:\/\/www.diarioimagen.net\/?p=498656"},"modified":"2021-03-05T08:39:57","modified_gmt":"2021-03-05T14:39:57","slug":"el-gobierno-del-bienestar-en-tultitlan-desarrolla-medidas-eficaces-en-seguridad-civil","status":"publish","type":"post","link":"https:\/\/www.diarioimagen.net\/?p=498656","title":{"rendered":"El Gobierno del Bienestar, en Tultitl\u00e1n, desarrolla medidas eficaces en seguridad civil"},"content":{"rendered":"<p>&nbsp;<\/p>\n<ul>\n<li><strong><em>Acciones de ordenamiento urbano<\/em><\/strong><\/li>\n<\/ul>\n<p>&nbsp;<\/p>\n<div id=\"attachment_498816\" style=\"width: 470px\" class=\"wp-caption aligncenter\"><a href=\"https:\/\/www.diarioimagen.net\/?attachment_id=498816\" rel=\"attachment wp-att-498816\"><img loading=\"lazy\" decoding=\"async\" aria-describedby=\"caption-attachment-498816\" class=\"size-full wp-image-498816\" src=\"https:\/\/www.diarioimagen.net\/wp-content\/uploads\/2021\/03\/tultitlan.jpg\" alt=\"\" width=\"460\" height=\"270\" \/><\/a><p id=\"caption-attachment-498816\" class=\"wp-caption-text\">El gobierno de Tultitl\u00e1n, en coordinaci\u00f3n con la Direcci\u00f3n de Desarrollo Urbano\u00a0y Medio Ambiente, realizaron acciones de ordenamiento urbano.<\/p><\/div>\n<p>&nbsp;<\/p>\n<p><strong>Tultitl\u00e1n, Estado de M\u00e9xico<\/strong>.- Respetando lo establecido en el C\u00f3digo Administrativo del Estado de M\u00e9xico, sustentado en los art\u00edculos 18.69 y 18.70, el gobierno municipal de Tultitl\u00e1n, en coordinaci\u00f3n con la Direcci\u00f3n de Desarrollo Urbano y Medio Ambiente, realizaron acciones de ordenamiento urbano.<\/p>\n<p>La comitiva retir\u00f3 materiales de construcci\u00f3n con la finalidad de evitar asentamientos ilegales en un terreno ubicado en Av. Moneda S\/N, colonia \u201cFimesa II\u201d (El Paraje).<\/p>\n<p>Dichos art\u00edculos se\u00f1alan que las medidas de seguridad empleadas por la Direcci\u00f3n de Desarrollo Urbano y Medio Ambiente tienen por objeto evitar la consolidaci\u00f3n o permanencia de construcciones que pongan en riesgo a las personas o los bienes por deficiencias en su edificaci\u00f3n, mala calidad en los materiales empleados, encontrarse en estado ruinoso o presentar cualquier otra circunstancia an\u00e1loga.<\/p>\n<p>Adem\u00e1s, agrega que las acciones que puede adoptar la autoridad competente son: la suspensi\u00f3n provisional, parcial o total de las construcciones, la desocupaci\u00f3n parcial o total de inmuebles; demoler de forma parcial o total la obra; el retiro de materiales, instalaciones y equipos; as\u00ed como la evacuaci\u00f3n o desalojo de personas y bienes.<\/p>\n<p>Con estas acciones, el Gobierno del Bienestar refrenda su compromiso social en pro de las y los tutitlenses.<\/p>\n","protected":false},"excerpt":{"rendered":"<p>Respetando lo establecido en el C\u00f3digo Administrativo del Estado de M\u00e9xico, sustentado en los art\u00edculos 18.69 y 18.70, el gobierno municipal de Tultitl\u00e1n, en coordinaci\u00f3n con la Direcci\u00f3n de Desarrollo Urbano y Medio Ambiente, realizaron acciones de ordenamiento urbano.<\/p>\n","protected":false},"author":3,"featured_media":498816,"comment_status":"open","ping_status":"open","sticky":false,"template":"","format":"standard","meta":{"_monsterinsights_skip_tracking":false,"_monsterinsights_sitenote_active":false,"_monsterinsights_sitenote_note":"","_monsterinsights_sitenote_category":0,"footnotes":""},"categories":[5],"tags":[43675,578],"class_list":["post-498656","post","type-post","status-publish","format-standard","has-post-thumbnail","hentry","category-estado-de-mexico","tag-estado-de-mexico","tag-tultitlan"],"_links":{"self":[{"href":"https:\/\/www.diarioimagen.net\/index.php?rest_route=\/wp\/v2\/posts\/498656","targetHints":{"allow":["GET"]}}],"collection":[{"href":"https:\/\/www.diarioimagen.net\/index.php?rest_route=\/wp\/v2\/posts"}],"about":[{"href":"https:\/\/www.diarioimagen.net\/index.php?rest_route=\/wp\/v2\/types\/post"}],"author":[{"embeddable":true,"href":"https:\/\/www.diarioimagen.net\/index.php?rest_route=\/wp\/v2\/users\/3"}],"replies":[{"embeddable":true,"href":"https:\/\/www.diarioimagen.net\/index.php?rest_route=%2Fwp%2Fv2%2Fcomments&post=498656"}],"version-history":[{"count":0,"href":"https:\/\/www.diarioimagen.net\/index.php?rest_route=\/wp\/v2\/posts\/498656\/revisions"}],"wp:featuredmedia":[{"embeddable":true,"href":"https:\/\/www.diarioimagen.net\/index.php?rest_route=\/wp\/v2\/media\/498816"}],"wp:attachment":[{"href":"https:\/\/www.diarioimagen.net\/index.php?rest_route=%2Fwp%2Fv2%2Fmedia&parent=498656"}],"wp:term":[{"taxonomy":"category","embeddable":true,"href":"https:\/\/www.diarioimagen.net\/index.php?rest_route=%2Fwp%2Fv2%2Fcategories&post=498656"},{"taxonomy":"post_tag","embeddable":true,"href":"https:\/\/www.diarioimagen.net\/index.php?rest_route=%2Fwp%2Fv2%2Ftags&post=498656"}],"curies":[{"name":"wp","href":"https:\/\/api.w.org\/{rel}","templated":true}]}}