{"id":498829,"date":"2021-03-08T00:01:10","date_gmt":"2021-03-08T06:01:10","guid":{"rendered":"https:\/\/www.diarioimagen.net\/?p=498829"},"modified":"2021-03-08T04:18:22","modified_gmt":"2021-03-08T10:18:22","slug":"ante-pandemia-mexico-requiere-redisenar-su-politica-economica","status":"publish","type":"post","link":"https:\/\/www.diarioimagen.net\/?p=498829","title":{"rendered":"Ante pandemia, M\u00e9xico requiere redise\u00f1ar su pol\u00edtica econ\u00f3mica"},"content":{"rendered":"<p><em>\u00a0<\/em><\/p>\n<ul>\n<li><strong><em>El integrante del Centro de Investigaci\u00f3n en Ciencias Econ\u00f3micas de la UAEM, Miguel \u00c1ngel Diaz Carre\u00f1o, expres\u00f3 que los esfuerzos para enfrentar los desaf\u00edos econ\u00f3micos del pa\u00eds deber\u00edan concentrarse en mitigar los efectos de la contingencia sanitaria<\/em><\/strong><\/li>\n<\/ul>\n<p>&nbsp;<\/p>\n<div id=\"attachment_498927\" style=\"width: 470px\" class=\"wp-caption aligncenter\"><a href=\"https:\/\/www.diarioimagen.net\/?attachment_id=498927\" rel=\"attachment wp-att-498927\"><img loading=\"lazy\" decoding=\"async\" aria-describedby=\"caption-attachment-498927\" class=\"size-full wp-image-498927\" src=\"https:\/\/www.diarioimagen.net\/wp-content\/uploads\/2021\/03\/Uaem.jpg\" alt=\"\" width=\"460\" height=\"270\" \/><\/a><p id=\"caption-attachment-498927\" class=\"wp-caption-text\">Miguel \u00c1ngel D\u00edaz Carre\u00f1o, investigador de la Facultad de Econom\u00eda de la Universidad Aut\u00f3noma del Estado de M\u00e9xico.<\/p><\/div>\n<p>&nbsp;<\/p>\n<p><strong>Toluca, Estado de M\u00e9xico.\u2013 <\/strong>Frente a la ca\u00edda del Producto Interno Bruto en M\u00e9xico durante el a\u00f1o 2020 a causa de la pandemia por Covid-19, urge el redise\u00f1o de una pol\u00edtica econ\u00f3mica que evite un segundo a\u00f1o de contracci\u00f3n financiera, advirti\u00f3 el investigador de la Facultad de Econom\u00eda de la Universidad Aut\u00f3noma del Estado de M\u00e9xico, Miguel \u00c1ngel D\u00edaz Carre\u00f1o.<\/p>\n<p>El tambi\u00e9n integrante del Centro de Investigaci\u00f3n en Ciencias Econ\u00f3micas del espacio acad\u00e9mico de la UAEM, explic\u00f3 que los esfuerzos para enfrentar los desaf\u00edos econ\u00f3micos del pa\u00eds deber\u00edan concentrarse en mitigar los efectos de la contingencia sanitaria.<\/p>\n<p>Precis\u00f3 que entre los factores econ\u00f3micos a considerar destacan revertir el descenso de la inversi\u00f3n productiva de los \u00faltimos cinco a\u00f1os, as\u00ed como instrumentar una pol\u00edtica de seguridad orientada a la pacificaci\u00f3n del pa\u00eds, en particular, que contribuya a combatir la extorsi\u00f3n que padecen micros, peque\u00f1as y medianas empresas por parte del crimen organizado.<\/p>\n<p>El investigador auriverde se\u00f1al\u00f3 que durante el a\u00f1o 2020 se dieron a conocer diversos pron\u00f3sticos en torno a la ca\u00edda del Producto Interno Bruto de M\u00e9xico, por ejemplo, el Fondo Monetario Internacional anticip\u00f3 una contracci\u00f3n cercana a 11 por ciento; mientras que el Banco de M\u00e9xico estim\u00f3 una ca\u00edda superior a los 12 puntos porcentuales.<\/p>\n<p>Sin embargo, recientemente el INEGI dio a conocer que el PIB nacional se contrajo 8.5 por ciento durante el a\u00f1o pasado, es decir, no se cumplieron los pron\u00f3sticos de los organismos internacionales, asever\u00f3 el catedr\u00e1tico de la Aut\u00f3noma mexiquense.<\/p>\n<p>Reconoci\u00f3 que el PIB en M\u00e9xico experiment\u00f3 una ca\u00edda importante en la historia reciente del pa\u00eds a causa de la pandemia, por lo que es urgente sumar esfuerzos mediante una pol\u00edtica econ\u00f3mica integral.<\/p>\n","protected":false},"excerpt":{"rendered":"<p>Frente a la ca\u00edda del Producto Interno Bruto en M\u00e9xico durante el a\u00f1o 2020 a causa de la pandemia por Covid-19, urge el redise\u00f1o de una pol\u00edtica econ\u00f3mica que evite un segundo a\u00f1o de contracci\u00f3n financiera, advirti\u00f3 el investigador de la Facultad de Econom\u00eda de la Universidad Aut\u00f3noma del Estado de M\u00e9xico, Miguel \u00c1ngel D\u00edaz Carre\u00f1o.<\/p>\n","protected":false},"author":3,"featured_media":498927,"comment_status":"open","ping_status":"open","sticky":false,"template":"","format":"standard","meta":{"_monsterinsights_skip_tracking":false,"_monsterinsights_sitenote_active":false,"_monsterinsights_sitenote_note":"","_monsterinsights_sitenote_category":0,"footnotes":""},"categories":[5],"tags":[43675,71533,92508,452,1490],"class_list":["post-498829","post","type-post","status-publish","format-standard","has-post-thumbnail","hentry","category-estado-de-mexico","tag-estado-de-mexico","tag-facultad-de-economia","tag-miguel-angel-diaz-carreno","tag-toluca","tag-universidad-autonoma-del-estado-de-mexico"],"_links":{"self":[{"href":"https:\/\/www.diarioimagen.net\/index.php?rest_route=\/wp\/v2\/posts\/498829","targetHints":{"allow":["GET"]}}],"collection":[{"href":"https:\/\/www.diarioimagen.net\/index.php?rest_route=\/wp\/v2\/posts"}],"about":[{"href":"https:\/\/www.diarioimagen.net\/index.php?rest_route=\/wp\/v2\/types\/post"}],"author":[{"embeddable":true,"href":"https:\/\/www.diarioimagen.net\/index.php?rest_route=\/wp\/v2\/users\/3"}],"replies":[{"embeddable":true,"href":"https:\/\/www.diarioimagen.net\/index.php?rest_route=%2Fwp%2Fv2%2Fcomments&post=498829"}],"version-history":[{"count":0,"href":"https:\/\/www.diarioimagen.net\/index.php?rest_route=\/wp\/v2\/posts\/498829\/revisions"}],"wp:featuredmedia":[{"embeddable":true,"href":"https:\/\/www.diarioimagen.net\/index.php?rest_route=\/wp\/v2\/media\/498927"}],"wp:attachment":[{"href":"https:\/\/www.diarioimagen.net\/index.php?rest_route=%2Fwp%2Fv2%2Fmedia&parent=498829"}],"wp:term":[{"taxonomy":"category","embeddable":true,"href":"https:\/\/www.diarioimagen.net\/index.php?rest_route=%2Fwp%2Fv2%2Fcategories&post=498829"},{"taxonomy":"post_tag","embeddable":true,"href":"https:\/\/www.diarioimagen.net\/index.php?rest_route=%2Fwp%2Fv2%2Ftags&post=498829"}],"curies":[{"name":"wp","href":"https:\/\/api.w.org\/{rel}","templated":true}]}}