{"id":498882,"date":"2021-03-08T00:04:01","date_gmt":"2021-03-08T06:04:01","guid":{"rendered":"https:\/\/www.diarioimagen.net\/?p=498882"},"modified":"2021-03-08T01:27:33","modified_gmt":"2021-03-08T07:27:33","slug":"el-castillo-del-emperador","status":"publish","type":"post","link":"https:\/\/www.diarioimagen.net\/?p=498882","title":{"rendered":"El castillo del emperador"},"content":{"rendered":"<h2>Perfil de M\u00e9xico<\/h2>\n<h5>Armando R\u00edos Ruiz<\/h5>\n<p>&nbsp;<\/p>\n<p>Desde su campa\u00f1a, Trump adelant\u00f3 que levantar\u00eda un muro entre Estados Unidos y M\u00e9xico, para evitar la entrada de nuestros connacionales violadores, asesinos, ladrones. En funciones, logr\u00f3 recorrer un tramo de la extensa frontera con la construcci\u00f3n. Nuestro mandatario repiti\u00f3 incansablemente que gobernar\u00eda con el pueblo. Cerca del pueblo y cuando le aconsejaban que utilizara guardaespaldas para evitar un posible ataque, afirm\u00f3 siempre que el pueblo lo cuidaba.<\/p>\n<p>Sin aviso previo, una madrugada de la semana pasada, varios trabajadores iniciaron con rapidez, la construcci\u00f3n de una cerca de metal muy gruesa y de m\u00e1s de dos metros de altura, en torno a Palacio Nacional. A una gran cantidad de mexicanos se le ocurri\u00f3 inmediatamente, que era del tama\u00f1o de su miedo. Que la \u201chonestidad valiente\u201d s\u00f3lo fue slogan de campa\u00f1a cuando buscaba la jefatura de gobierno.<\/p>\n<p>Desde el inicio de su ejercicio gubernamental, dio se\u00f1ales de pretender compararse con Benito Ju\u00e1rez. Dijo que su gobierno ser\u00eda como el de \u00e9l y que se rodear\u00eda de los mejores hombres para que le ayudaran a gobernar. Era de las primeras mentiras en su mundo de f\u00e1bula. Se rode\u00f3 de una bola de lacayos aburridos (por aquello de burros) que s\u00f3lo sirven para cumplir sus \u00f3rdenes de rodillas. Para obedecerlo ciegamente y para satisfacer sus caprichos sin opinar una palabra.<\/p>\n<p>El \u00fanico que manda sin gobernar es \u00e9l. Impone su voluntad a placer. Env\u00eda las iniciativas m\u00e1s retr\u00f3gradas al Congreso, con la consigna dictatorial de que los diputados a su servicio, que no del pueblo, las aprueben sin cambiarle una coma. Ordena a sus lacayos a tratar con sonrisas a los delincuentes.<\/p>\n<p>Como el caso m\u00e1s reciente, el de la secretaria de Seguridad P\u00fablica y Protecci\u00f3n Ciudadana, la ex periodista Rosa Icela Rodr\u00edguez, con orden de recibir al empresario Rumano Fabian Tudor, buscado en varios pa\u00edses del mundo por dedicarse a la clonaci\u00f3n de tarjetas, s\u00f3lo para dejarlo ir inmediatamente despu\u00e9s. Se ignora si tambi\u00e9n recibi\u00f3 instrucciones de propinarle abrazos.<\/p>\n<p>Hace unos d\u00edas, un grupo de j\u00f3venes lo injuri\u00f3 durante un vuelo. Se comprob\u00f3 con ello, que no todo el pueblo lo quiere, como pregona. Dio se\u00f1al de la inseguridad de un Presidente y de otros pasajeros, al viajar en aviones comerciales en lugar de en uno estrictamente para el caso, que en el suyo duerme el sue\u00f1o de los justos, sin haber podido venderse. Rifado y no entregado a nadie. Que causa un gasto mayor parado, que utilizado en sus viajes sin exponerse y sin exponer a nadie.<\/p>\n<p>Ahora, con la cerca impuesta a Palacio Nacional, se murmura que as\u00ed pretende esconderse de las feministas que hoy reclaman justicia para su g\u00e9nero abandonado a su suerte y entregado con ese abandono, a las manos de los homicidas, entre los cuales existen hasta menores de edad, sin que ninguna autoridad se haya esforzado en trazar alg\u00fan plan para evitar que las mujeres sean agredidas o asesinadas.<\/p>\n<p>Algo nunca visto en la historia, como han coincidido historiadores, periodistas y otras personas pensantes. El historiador Alejandro Rosas sostuvo que resulta extra\u00f1o que \u201cel objetivo sea que los manifestantes no lleguen a la sede del Poder Ejecutivo\u2026 O que quieran pintarrajear\u2026 Pero eso se hubiera desactivado si hubiera empat\u00eda del gobierno para dialogar con las mujeres.\u201d<\/p>\n<p>La organizaci\u00f3n Aquelarre Feminista y la Red Nacional de Refugios\u00a0 rechazaron las declaraciones del Presidente contra el movimiento feminista y lo acusaron adem\u00e1s de constituir violencia institucional.<\/p>\n<p>\u201cEs inaceptable\u00a0 -sostuvo-\u00a0 que el Jefe de Estado confunda las denuncias de violencias de g\u00e9nero con campa\u00f1as partidistas negras o que deslegitime el movimiento feminista, que hist\u00f3ricamente ha exigido a todos los gobiernos justicia y respeto a nuestros derechos,\u00a0 etiquet\u00e1ndonos por levantar la voz, de conservadoras\u201d. Recordar que hoy, quien no va de acuerdo con sus caprichos, es conservador, neoliberal, fif\u00ed, etc.<\/p>\n<p>Con sarcasmo, algunos opinan que ahora, s\u00f3lo falta rodear Palacio Nacional con un foso lleno de lagartos, para que cumpla su sue\u00f1o de regresar\u00a0 al pasado que tanto a\u00f1ora, a vivir en el castillo del emperador.<\/p>\n<p><a href=\"mailto:ariosruiz@gmail.com\" target=\"_blank\" rel=\"noopener noreferrer\"><em>ariosruiz@gmail.com<\/em><\/a><\/p>\n","protected":false},"excerpt":{"rendered":"<p><span style=\"color: #005497;\"><strong>Armando R\u00edos Ruiz<\/strong><\/span><\/p>\n","protected":false},"author":3,"featured_media":0,"comment_status":"open","ping_status":"open","sticky":false,"template":"","format":"standard","meta":{"_monsterinsights_skip_tracking":false,"_monsterinsights_sitenote_active":false,"_monsterinsights_sitenote_note":"","_monsterinsights_sitenote_category":0,"footnotes":""},"categories":[88405],"tags":[88407,43674,91193],"class_list":["post-498882","post","type-post","status-publish","format-standard","hentry","category-armando-rios-ruiz","tag-armando-rios-ruiz","tag-opinion","tag-perfil-de-mexico"],"_links":{"self":[{"href":"https:\/\/www.diarioimagen.net\/index.php?rest_route=\/wp\/v2\/posts\/498882","targetHints":{"allow":["GET"]}}],"collection":[{"href":"https:\/\/www.diarioimagen.net\/index.php?rest_route=\/wp\/v2\/posts"}],"about":[{"href":"https:\/\/www.diarioimagen.net\/index.php?rest_route=\/wp\/v2\/types\/post"}],"author":[{"embeddable":true,"href":"https:\/\/www.diarioimagen.net\/index.php?rest_route=\/wp\/v2\/users\/3"}],"replies":[{"embeddable":true,"href":"https:\/\/www.diarioimagen.net\/index.php?rest_route=%2Fwp%2Fv2%2Fcomments&post=498882"}],"version-history":[{"count":0,"href":"https:\/\/www.diarioimagen.net\/index.php?rest_route=\/wp\/v2\/posts\/498882\/revisions"}],"wp:attachment":[{"href":"https:\/\/www.diarioimagen.net\/index.php?rest_route=%2Fwp%2Fv2%2Fmedia&parent=498882"}],"wp:term":[{"taxonomy":"category","embeddable":true,"href":"https:\/\/www.diarioimagen.net\/index.php?rest_route=%2Fwp%2Fv2%2Fcategories&post=498882"},{"taxonomy":"post_tag","embeddable":true,"href":"https:\/\/www.diarioimagen.net\/index.php?rest_route=%2Fwp%2Fv2%2Ftags&post=498882"}],"curies":[{"name":"wp","href":"https:\/\/api.w.org\/{rel}","templated":true}]}}