{"id":499054,"date":"2021-03-09T00:04:52","date_gmt":"2021-03-09T06:04:52","guid":{"rendered":"https:\/\/www.diarioimagen.net\/?p=499054"},"modified":"2021-03-09T02:51:11","modified_gmt":"2021-03-09T08:51:11","slug":"feminicidio","status":"publish","type":"post","link":"https:\/\/www.diarioimagen.net\/?p=499054","title":{"rendered":"Feminicidio"},"content":{"rendered":"<h2>Punto por punto<\/h2>\n<h5>Augusto Corro<\/h5>\n<p>&nbsp;<\/p>\n<p>El movimiento feminista no se detendr\u00e1 en M\u00e9xico. Las mujeres est\u00e1n hartas de violencia y no dejar\u00e1n de protestar.<\/p>\n<p>Mientras las autoridades no les brinden justicia y protecci\u00f3n ellas continuar\u00e1n con sus protestas e inconformidades.<\/p>\n<p>Seg\u00fan cifras del Secretariado Ejecutivo del Sistema Nacional de Seguridad P\u00fablica (SESNSP) en 2020 hubo 3 mil 730 mujeres asesinadas.<\/p>\n<p>De ese total 939 fueron v\u00edctimas de feminicidio y los dem\u00e1s casos se investigan como homicidio doloso.<\/p>\n<p>De enero a diciembre de 2020 el delito de acoso sexual pas\u00f3 de 4 mil 204 casos en 2019 a 5 mil 597 el a\u00f1o pasado.<\/p>\n<p>En 2020 fueron miles las llamadas de emergencia al 911 por incidentes de violencia contra la mujer.<\/p>\n<p>El Instituto Nacional de Estad\u00edstica y Geograf\u00eda (Inegi) revel\u00f3 que 66.1% de las 46.5 millones de mujeres mayores de 15 a\u00f1os enfrent\u00f3 violencia de cualquier tipo alguna vez en su vida.<\/p>\n<p>Las cifras muestran la realidad que tiene como eje la violencia contra las mujeres ante la pasividad de las autoridades.<\/p>\n<p>Por esa raz\u00f3n el movimiento feminista aprovecha el D\u00eda Internacional de la Mujer para exhibir su enojo, ira y molestia ante el constante aumento de la violencia contra las mujeres.<\/p>\n<p>Su reclamo principal es que se garantice el derecho de todas las mujeres, ni\u00f1as y adolescentes a una vida libre de violencias.<\/p>\n<p style=\"text-align: center;\"><strong>La acci\u00f3n de las autoridades<\/strong><\/p>\n<p>En el movimiento feminista no ven que las autoridades se empe\u00f1en con el esfuerzo y entusiasmo en la lucha contra la violencia que padecen las mujeres.<\/p>\n<p>Concretamente, ellas se\u00f1alaron que falta coordinaci\u00f3n, pol\u00edticas p\u00fablicas, servicios y acciones para frenar el aumento de agresiones.<\/p>\n<p>Seguramente se cuenta con medidas preventivas para evitar las acciones criminales, pero no funcionan.<\/p>\n<p>Y los casos de feminicidio crecen al mismo tiempo que las exigencias de justicia de los feministas y sus marchas de protesta.<\/p>\n<p>La inconformidad de las feministas terminar\u00e1 cuando se empiecen a notar que funcionan correctamente las medidas preventivas contra las agresiones a mujeres.<\/p>\n<p>Cuando los feminicidas sean perseguidos, detenidos y presentados ante el juez. De otra manera las manifestaciones para exigir justicia continuar\u00e1n.<\/p>\n<p>Las autoridades tambi\u00e9n deben comprometerse a tratar el tema del feminicidio con mayor atenci\u00f3n.<\/p>\n<p>No deben asumir esa condici\u00f3n de menosprecio a las demandas feministas. Vivimos tiempos dif\u00edciles en que las actitudes de desd\u00e9n son criticadas.<\/p>\n<p>El propio presidente Andr\u00e9s Manuel L\u00f3pez Obrador se encuentra en medio de una tormenta de cr\u00edticas por su insensibilidad para tratar a las feministas.<\/p>\n<p>Como si no fuera suficiente lo anterior, el mandatario tabasque\u00f1o sigue empe\u00f1ado en apoyar la candidatura de un controvertido pol\u00edtico a la gubernatura de Guerrero.<\/p>\n<p>Ese aspirante al gobierno guerrerense es el senador con licencia, F\u00e9lix Salgado Macedonio, quien es acusado de violaci\u00f3n sexual por cinco mujeres. Pero el presidente L\u00f3pez Obrador poco o nada hace para bajar de la candidatura a ese agresor de mujeres.<\/p>\n<p style=\"text-align: center;\"><strong>\u00a0Ni ven ni oyen<\/strong><\/p>\n<p>Lo mismo ocurre en el partido Movimiento de Regeneraci\u00f3n Nacional (Morena) que decidi\u00f3, tras una serie de maromas pol\u00edticas burdas, apoyar al impresentable Salgado Macedonio.<\/p>\n<p>Por cierto, en el colmo del cinismo, el citado aspirante difundi\u00f3 en redes el domingo el mensaje: \u201cQue vivan las mujeres\u201d, por el D\u00eda de la Familia.<\/p>\n<p>Claro, surgieron infinidad de protestas, incluidas del surgidas del movimiento feminista, que se evitar\u00e1 la candidatura de Salgado Macedonio.<\/p>\n<p>A la hora de escribir estas l\u00edneas segu\u00eda firme el citado senador como abanderado de Morena en la contienda electoral de Guerrero.<\/p>\n<p>Las inconformidades de propios y extra\u00f1os con la candidatura no fueron suficientes para que el mandatario dejara de apoyar a Salgado Macedonio.<\/p>\n<p>\u00bfCu\u00e1l ser\u00e1 el futuro de las v\u00edctimas que acusaron al senador de violador? Una de ellas ya dijo que tendr\u00e1 que abandonar el pa\u00eds.<\/p>\n<p><a href=\"mailto:aco2742@hotmail.com\" target=\"_blank\" rel=\"noopener noreferrer\"><em>aco2742@hotmail.com<\/em><\/a><\/p>\n","protected":false},"excerpt":{"rendered":"<p><span style=\"color: #005497;\"><strong>Augusto Corro<\/strong><\/span><\/p>\n","protected":false},"author":3,"featured_media":0,"comment_status":"open","ping_status":"open","sticky":false,"template":"","format":"standard","meta":{"_monsterinsights_skip_tracking":false,"_monsterinsights_sitenote_active":false,"_monsterinsights_sitenote_note":"","_monsterinsights_sitenote_category":0,"footnotes":""},"categories":[157],"tags":[],"class_list":["post-499054","post","type-post","status-publish","format-standard","hentry","category-augusto-corro"],"_links":{"self":[{"href":"https:\/\/www.diarioimagen.net\/index.php?rest_route=\/wp\/v2\/posts\/499054","targetHints":{"allow":["GET"]}}],"collection":[{"href":"https:\/\/www.diarioimagen.net\/index.php?rest_route=\/wp\/v2\/posts"}],"about":[{"href":"https:\/\/www.diarioimagen.net\/index.php?rest_route=\/wp\/v2\/types\/post"}],"author":[{"embeddable":true,"href":"https:\/\/www.diarioimagen.net\/index.php?rest_route=\/wp\/v2\/users\/3"}],"replies":[{"embeddable":true,"href":"https:\/\/www.diarioimagen.net\/index.php?rest_route=%2Fwp%2Fv2%2Fcomments&post=499054"}],"version-history":[{"count":0,"href":"https:\/\/www.diarioimagen.net\/index.php?rest_route=\/wp\/v2\/posts\/499054\/revisions"}],"wp:attachment":[{"href":"https:\/\/www.diarioimagen.net\/index.php?rest_route=%2Fwp%2Fv2%2Fmedia&parent=499054"}],"wp:term":[{"taxonomy":"category","embeddable":true,"href":"https:\/\/www.diarioimagen.net\/index.php?rest_route=%2Fwp%2Fv2%2Fcategories&post=499054"},{"taxonomy":"post_tag","embeddable":true,"href":"https:\/\/www.diarioimagen.net\/index.php?rest_route=%2Fwp%2Fv2%2Ftags&post=499054"}],"curies":[{"name":"wp","href":"https:\/\/api.w.org\/{rel}","templated":true}]}}