{"id":499170,"date":"2021-03-10T00:03:25","date_gmt":"2021-03-10T06:03:25","guid":{"rendered":"https:\/\/www.diarioimagen.net\/?p=499170"},"modified":"2021-03-10T06:37:21","modified_gmt":"2021-03-10T12:37:21","slug":"resultados-en-obra-publica-son-claros-en-huixquilucan-con-enrique-vargas-del-villar","status":"publish","type":"post","link":"https:\/\/www.diarioimagen.net\/?p=499170","title":{"rendered":"Resultados en obra p\u00fablica son claros en Huixquilucan, con Enrique Vargas del Villar"},"content":{"rendered":"<p>&nbsp;<\/p>\n<ul>\n<li><strong><em>Pese a recortes presupuestales<\/em><\/strong><\/li>\n<\/ul>\n<p>&nbsp;<\/p>\n<div id=\"attachment_499287\" style=\"width: 470px\" class=\"wp-caption aligncenter\"><a href=\"https:\/\/www.diarioimagen.net\/?attachment_id=499287\" rel=\"attachment wp-att-499287\"><img loading=\"lazy\" decoding=\"async\" aria-describedby=\"caption-attachment-499287\" class=\"size-full wp-image-499287\" src=\"https:\/\/www.diarioimagen.net\/wp-content\/uploads\/2021\/03\/huixquilucan-6.jpg\" alt=\"\" width=\"460\" height=\"270\" \/><\/a><p id=\"caption-attachment-499287\" class=\"wp-caption-text\">Durante la octava sesi\u00f3n de la Comisi\u00f3n Edilicia de Obras P\u00fablicas y Desarrollo Urbano, Diego Rosas Anaya se\u00f1al\u00f3 que de 2016 a la fecha se han invertido m\u00e1s de mil 200 millones de pesos en este rubro.<\/p><\/div>\n<p>&nbsp;<\/p>\n<p><strong>Huixquilucan, Estado de M\u00e9xico<\/strong>.- A pesar de los recortes presupuestales que se han tenido, se seguir\u00e1 trabajando y realizando obra p\u00fablica, se\u00f1al\u00f3 el primer regidor y presidente de la Comisi\u00f3n Edilicia de Obras P\u00fablicas y Desarrollo Urbano, Diego Iv\u00e1n Rosas Anaya.<\/p>\n<p>Durante la octava sesi\u00f3n ordinaria de dicha Comisi\u00f3n, Rosas Anaya record\u00f3 que del 2016 a la fecha se han invertido m\u00e1s de mil 200 millones de pesos en obra p\u00fablica, la cual ha contribuido a mejorar la vida de los huixquiluquenses.<\/p>\n<p>Los resultados, dijo, son muy claros, \u201cestamos viendo como se est\u00e1 ejerciendo el presupuesto, el d\u00eda de hoy se ven reflejados en edificios p\u00fablicos, en calles, y vamos a seguir trabajando\u201d, insisti\u00f3 el regidor y presidente de la Comisi\u00f3n.<\/p>\n<p>En este sentido, precis\u00f3 que desde el inicio de la administraci\u00f3n del presidente municipal Enrique Vargas del Villar, se ha visto la construcci\u00f3n de hospitales municipales como el San P\u00edo, Mater Dei y el que est\u00e1 por inaugurarse en San Fernando.<\/p>\n<p>Adem\u00e1s de las albercas municipales del Plan, Constituyentes de 1917 y San Fernando. Pasando por los albergues, dispensarios y estancias infantiles que se han fortalecido en el municipio, luego de que a nivel federal se quit\u00f3 este apoyo para este \u00faltimo rubro.<\/p>\n<p>Rosas Anaya precis\u00f3 que gracias al trabajo conjunto entre el gobierno municipal y ciudadanos, se han aplicado m\u00e1s de 93 mil metros de concreto hidr\u00e1ulico y asfalto, por lo que reiter\u00f3 que se seguir\u00e1n uniendo esfuerzos para seguir trabajando a favor de los huixquiluquenses.<\/p>\n","protected":false},"excerpt":{"rendered":"<p>A pesar de los recortes presupuestales que se han tenido, se seguir\u00e1 trabajando y realizando obra p\u00fablica, se\u00f1al\u00f3 el primer regidor y presidente de la Comisi\u00f3n Edilicia de Obras P\u00fablicas y Desarrollo Urbano, Diego Iv\u00e1n Rosas Anaya.<\/p>\n","protected":false},"author":3,"featured_media":499287,"comment_status":"open","ping_status":"open","sticky":false,"template":"","format":"standard","meta":{"_monsterinsights_skip_tracking":false,"_monsterinsights_sitenote_active":false,"_monsterinsights_sitenote_note":"","_monsterinsights_sitenote_category":0,"footnotes":""},"categories":[5],"tags":[47218,43675,1097],"class_list":["post-499170","post","type-post","status-publish","format-standard","has-post-thumbnail","hentry","category-estado-de-mexico","tag-enrique-vargas-del-villar","tag-estado-de-mexico","tag-huixquilucan"],"_links":{"self":[{"href":"https:\/\/www.diarioimagen.net\/index.php?rest_route=\/wp\/v2\/posts\/499170","targetHints":{"allow":["GET"]}}],"collection":[{"href":"https:\/\/www.diarioimagen.net\/index.php?rest_route=\/wp\/v2\/posts"}],"about":[{"href":"https:\/\/www.diarioimagen.net\/index.php?rest_route=\/wp\/v2\/types\/post"}],"author":[{"embeddable":true,"href":"https:\/\/www.diarioimagen.net\/index.php?rest_route=\/wp\/v2\/users\/3"}],"replies":[{"embeddable":true,"href":"https:\/\/www.diarioimagen.net\/index.php?rest_route=%2Fwp%2Fv2%2Fcomments&post=499170"}],"version-history":[{"count":0,"href":"https:\/\/www.diarioimagen.net\/index.php?rest_route=\/wp\/v2\/posts\/499170\/revisions"}],"wp:featuredmedia":[{"embeddable":true,"href":"https:\/\/www.diarioimagen.net\/index.php?rest_route=\/wp\/v2\/media\/499287"}],"wp:attachment":[{"href":"https:\/\/www.diarioimagen.net\/index.php?rest_route=%2Fwp%2Fv2%2Fmedia&parent=499170"}],"wp:term":[{"taxonomy":"category","embeddable":true,"href":"https:\/\/www.diarioimagen.net\/index.php?rest_route=%2Fwp%2Fv2%2Fcategories&post=499170"},{"taxonomy":"post_tag","embeddable":true,"href":"https:\/\/www.diarioimagen.net\/index.php?rest_route=%2Fwp%2Fv2%2Ftags&post=499170"}],"curies":[{"name":"wp","href":"https:\/\/api.w.org\/{rel}","templated":true}]}}