{"id":499171,"date":"2021-03-10T00:04:53","date_gmt":"2021-03-10T06:04:53","guid":{"rendered":"https:\/\/www.diarioimagen.net\/?p=499171"},"modified":"2021-03-10T06:36:31","modified_gmt":"2021-03-10T12:36:31","slug":"el-alcalde-de-tlalnepantla-raciel-perez-cruz-entrego-la-rehabilitacion-con-carpeta-asfaltica-de-la-calle-cuauhtemoc","status":"publish","type":"post","link":"https:\/\/www.diarioimagen.net\/?p=499171","title":{"rendered":"El alcalde de Tlalnepantla,\u00a0 Raciel P\u00e9rez Cruz, entreg\u00f3 la rehabilitaci\u00f3n con carpeta asf\u00e1ltica de la calle Cuauht\u00e9moc"},"content":{"rendered":"<p>&nbsp;<\/p>\n<p><a href=\"https:\/\/www.diarioimagen.net\/?attachment_id=499284\" rel=\"attachment wp-att-499284\"><img loading=\"lazy\" decoding=\"async\" class=\"aligncenter size-full wp-image-499284\" src=\"https:\/\/www.diarioimagen.net\/wp-content\/uploads\/2021\/03\/tlalnepantla-4.jpg\" alt=\"\" width=\"460\" height=\"270\" \/><\/a><\/p>\n<p>&nbsp;<\/p>\n<p><strong>Tlalnepantla, Estado de M\u00e9xico<\/strong><strong>.-<\/strong> Raciel P\u00e9rez Cruz, presidente municipal, entreg\u00f3 la rehabilitaci\u00f3n con carpeta asf\u00e1ltica de la calle Cuauht\u00e9moc, desde Zumpango a Radial Toltecas en el fraccionamiento La Romana.<\/p>\n<p>El edil, vecinas y vecinos recorrieron la obra para verificar los trabajos complementarios del sistema de drenaje y balizamiento.<\/p>\n","protected":false},"excerpt":{"rendered":"<p>Raciel P\u00e9rez Cruz, presidente municipal, entreg\u00f3 la rehabilitaci\u00f3n con carpeta asf\u00e1ltica de la calle Cuauht\u00e9moc, desde Zumpango a Radial Toltecas en el fraccionamiento La Romana.<\/p>\n","protected":false},"author":3,"featured_media":499284,"comment_status":"open","ping_status":"open","sticky":false,"template":"","format":"standard","meta":{"_monsterinsights_skip_tracking":false,"_monsterinsights_sitenote_active":false,"_monsterinsights_sitenote_note":"","_monsterinsights_sitenote_category":0,"footnotes":""},"categories":[5],"tags":[43675,169,446],"class_list":["post-499171","post","type-post","status-publish","format-standard","has-post-thumbnail","hentry","category-estado-de-mexico","tag-estado-de-mexico","tag-tlalnepantla","tag-zumpango"],"_links":{"self":[{"href":"https:\/\/www.diarioimagen.net\/index.php?rest_route=\/wp\/v2\/posts\/499171","targetHints":{"allow":["GET"]}}],"collection":[{"href":"https:\/\/www.diarioimagen.net\/index.php?rest_route=\/wp\/v2\/posts"}],"about":[{"href":"https:\/\/www.diarioimagen.net\/index.php?rest_route=\/wp\/v2\/types\/post"}],"author":[{"embeddable":true,"href":"https:\/\/www.diarioimagen.net\/index.php?rest_route=\/wp\/v2\/users\/3"}],"replies":[{"embeddable":true,"href":"https:\/\/www.diarioimagen.net\/index.php?rest_route=%2Fwp%2Fv2%2Fcomments&post=499171"}],"version-history":[{"count":0,"href":"https:\/\/www.diarioimagen.net\/index.php?rest_route=\/wp\/v2\/posts\/499171\/revisions"}],"wp:featuredmedia":[{"embeddable":true,"href":"https:\/\/www.diarioimagen.net\/index.php?rest_route=\/wp\/v2\/media\/499284"}],"wp:attachment":[{"href":"https:\/\/www.diarioimagen.net\/index.php?rest_route=%2Fwp%2Fv2%2Fmedia&parent=499171"}],"wp:term":[{"taxonomy":"category","embeddable":true,"href":"https:\/\/www.diarioimagen.net\/index.php?rest_route=%2Fwp%2Fv2%2Fcategories&post=499171"},{"taxonomy":"post_tag","embeddable":true,"href":"https:\/\/www.diarioimagen.net\/index.php?rest_route=%2Fwp%2Fv2%2Ftags&post=499171"}],"curies":[{"name":"wp","href":"https:\/\/api.w.org\/{rel}","templated":true}]}}