{"id":499313,"date":"2021-03-10T00:12:33","date_gmt":"2021-03-10T06:12:33","guid":{"rendered":"https:\/\/www.diarioimagen.net\/?p=499313"},"modified":"2021-03-10T07:00:15","modified_gmt":"2021-03-10T13:00:15","slug":"ocurrio-en-la-mananera-de-ayer","status":"publish","type":"post","link":"https:\/\/www.diarioimagen.net\/?p=499313","title":{"rendered":"Ocurri\u00f3 en la ma\u00f1anera de ayer\u2026"},"content":{"rendered":"<h2>Tras la puerta del poder<\/h2>\n<h5>Roberto Vizca\u00edno<\/h5>\n<p>&nbsp;<\/p>\n<p>Por alguna de esas razones ocultas que mueven los dichos y acciones del presidente <strong>Andr\u00e9s Manuel L\u00f3pez Obrador<\/strong>, inesperada como sorpresivamente comenz\u00f3 a hablar en su ma\u00f1anera de ayer de aquella campa\u00f1a de <strong><em>AMLO es un peligro para M\u00e9xico<\/em><\/strong> desplegada por el PAN y otros en la campa\u00f1a presidencial de 2006.<\/p>\n<p>Y mientras afirmaba que sin ser determinante en el resultado final, fue sin embargo un embate medi\u00e1tico muy fuerte por su despliegue durante las 24 horas del d\u00eda\u2026<\/p>\n<p>\u201cY se dec\u00eda una y otra vez \u2018<strong><em>no votes por Andr\u00e9s Manuel porque es un peligro para M\u00e9xico<\/em><\/strong>\u2019, en una campa\u00f1a Hitleriana, de esas en las que Goebbels afirmaba que una mentira repetida mil veces se convert\u00eda en verdad&#8230;<\/p>\n<p>\u201cY dec\u00edan, \u2018<em>no votes por L\u00f3pez Obrador porque va a haber desempleo\u2026 no votes porque va a haber fuga de capitales\u2026 no votes por L\u00f3pez Obrador porque va a haber crisis econ\u00f3mica\u2026 no votes por L\u00f3pez Obrador porque<\/em>\u2026\u201d<\/p>\n<p>Doce a\u00f1os despu\u00e9s, en 2018, <strong>Andr\u00e9s Manuel L\u00f3pez Obrador<\/strong> gan\u00f3. Y a 2 a\u00f1os y medio de su llegada el pa\u00eds vive uno de sus peores momentos.<\/p>\n<p>Si bien es cierto que muchos de los efectos de la pandemia de la Covid-19 han provocado la ca\u00edda del pa\u00eds, la verdad es que el desastre ya ven\u00eda desde el primer a\u00f1o de gesti\u00f3n de <strong>L\u00f3pez Obrador<\/strong>.<\/p>\n<p>Hoy, los indicadores dicen que han aumentado en 12 millones los pobres; que al menos 8 millones de mexicanos han perdido su empleo y que la ca\u00edda del Producto Interno Bruto es de un 8 por ciento, como no se hab\u00eda visto desde 1932 y que M\u00e9xico ha ca\u00eddo sustancialmente en su nivel de perspectivas de desarrollo, educaci\u00f3n, salud y bienestar.<\/p>\n<p>Frente a esta realidad, que <strong>AMLO <\/strong>haya recordado aquella campa\u00f1a de 2006 en su contra mueve al menos a curiosidad.<\/p>\n<p style=\"text-align: center;\"><strong>\u00a0Defiende de nuevo a F\u00e9lix\u00a0<\/strong><\/p>\n<p>Lo que no mueve a curiosidad sino a abierto rechazo, es su insistencia en defender a <strong>F\u00e9lix Salgado Macedonio<\/strong>.<\/p>\n<p>Ayer, tambi\u00e9n en su ma\u00f1anera, afirm\u00f3 que hasta ahora no existe denuncia alguna en contra del senador y candidato de Morena a la gubernatura de Guerrero.<\/p>\n<p>Al record\u00e1rsele que s\u00ed existen denuncias judiciales en su contra, <strong>AMLO<\/strong> se repleg\u00f3 a rega\u00f1adientes y respondi\u00f3 que, si eso resulta cierto, entonces quienes tienen la palabra son las autoridades judiciales.<\/p>\n<p>Mientras tanto. pidi\u00f3 no hacerle el juego a una campa\u00f1a electoral de descalificaci\u00f3n contra <strong>Salgado Macedonio<\/strong>.<\/p>\n<p style=\"text-align: center;\"><strong>Clara Luz afirma que Salgado se debe retirar<\/strong><\/p>\n<p>Quien pint\u00f3 su raya y tom\u00f3 distancia de <strong>Salgado Macedonio<\/strong> fue la candidata de Morena a la gubernatura de Monterrey, <strong>Clara Luz Flores<\/strong>, quien record\u00f3 que los estatutos de Morena y las leyes electorales indican que si alguien es imputado y existe presunci\u00f3n de haber cometido un delito, est\u00e1 impedido a ser candidato a ning\u00fan cargo de elecci\u00f3n.<\/p>\n<p>Pidi\u00f3 por ello a su partido, Morena, revisar esa candidatura y retirarle el registro a <strong>F\u00e9lix Salgado<\/strong>.<\/p>\n<p><strong>Clara Luz<\/strong> se significa as\u00ed, como la primera candidata de Morena a una gubernatura, en desmarcarse de <strong>Salgado Macedonio<\/strong>.<\/p>\n<p>Eso ocurre mientras las candidatas de Morena a la gubernatura de Baja California, <strong>Marina del Pilar \u00c1vila<\/strong>; a la gubernatura de Campeche, <strong>Layda Sansores<\/strong>; de Colima, <strong>Indira Vizca\u00edno<\/strong>; de San Luis Potos\u00ed, la doctora <strong>M\u00f3nica Rangel <\/strong>y de Tlaxcala, <strong>Lorena Cu\u00e9llar<\/strong> siguen sin hacer ning\u00fan pronunciamiento al respecto.<\/p>\n<p style=\"text-align: center;\"><strong>Necesaria una reforma tributaria gradual\u00a0<\/strong><\/p>\n<p>Quien ayer le entr\u00f3 a un debate de fondo, fue <strong>Ricardo Monreal<\/strong> al participar en un foro internacional organizado por <strong>Jorge Casta\u00f1eda<\/strong> -y en el que particip\u00f3 entre otros muchos, el historiador y columnista <strong>H\u00e9ctor Aguilar Cam\u00edn, <\/strong>dos personajes que no le gustan para nada a <strong>Andr\u00e9s Manuel L\u00f3pez Obrador<\/strong>-, donde propuso ir a una estrategia regional de progresividad tributaria, para alcanzar el estado de Bienestar en Am\u00e9rica Latina.<\/p>\n<p>El presidente de la Junta de Coordinaci\u00f3n Pol\u00edtica del Senado explic\u00f3 que esta estrategia implica no s\u00f3lo cobrar impuestos a quienes tienen mayores ingresos, sino que cada incremento tributario se establezca en proporci\u00f3n de las diferencias de ingresos que hace a un contribuyente subir en la escala progresiva.<\/p>\n<p>Durante la tercera reuni\u00f3n virtual de este tipo, <strong>Monreal<\/strong> se\u00f1al\u00f3 que una progresividad d\u00e9bil se traduce en cargas tributarias desiguales.<\/p>\n<p>Y dijo que, si se quiere fortalecer la recaudaci\u00f3n de manera progresiva: \u201clas contribuciones deben calcularse en forma efectiva en el espectro de la desigualdad de ingresos, hasta llegar a los deciles m\u00e1s altos de la poblaci\u00f3n\u201d.<\/p>\n<p>Este mismo criterio, agreg\u00f3, se puede utilizar para gravar otro elemento de riqueza que ya en M\u00e9xico est\u00e1 mejorando: \u201cel de la propiedad, de impuesto predial, como sucede en varios pa\u00edses de Am\u00e9rica, pero en Argentina, en Colombia y en Uruguay, son los que tienen una ventaja de mayor contribuci\u00f3n en este rubro. Tambi\u00e9n, el Impuesto a la Econom\u00eda Digital\u201d.<\/p>\n<p>El zacatecano record\u00f3 que, de acuerdo a estimaciones de la ONU, alrededor del 10 por ciento de los ingresos fiscales se pierde por la evasi\u00f3n.<\/p>\n<p>En este contexto, consider\u00f3 que la recaudaci\u00f3n de los servicios digitales es inevitable. Que las plataformas digitales, las redes sociales deben participar fiscalmente independientemente de d\u00f3nde tengan sus sedes.<\/p>\n<p>Record\u00f3 que M\u00e9xico aplic\u00f3, a partir del a\u00f1o pasado, el primer impuesto a las plataformas que no pagaban un solo cinco en M\u00e9xico. Seguramente hay varios pa\u00edses en situaciones similares.<\/p>\n<p>Reiter\u00f3 que es necesario que el nuevo pacto fiscal incluya este impuesto digital.<\/p>\n<p>Por lo dem\u00e1s, agreg\u00f3, en este momento en M\u00e9xico se discute la no criminalizaci\u00f3n y no penalizaci\u00f3n del uso de la mariguana, incluso de otras drogas como el hach\u00eds y otros.<\/p>\n<p>Y afirm\u00f3 que otro de los esfuerzos importantes de esta administraci\u00f3n ha sido la de separar el poder pol\u00edtico del poder econ\u00f3mico, \u201ces decir, eliminar la subordinaci\u00f3n hist\u00f3rica que en M\u00e9xico exist\u00eda del poder pol\u00edtico al poder econ\u00f3mico\u201d.<\/p>\n<p>De ah\u00ed que se hayan, dijo, impulsado reformas constitucionales muy interesantes y trascendentes, como la de prohibir la condonaci\u00f3n de impuestos.<\/p>\n<p>El l\u00edder de la mayor\u00eda en el Senado reiter\u00f3 que M\u00e9xico est\u00e1 en un proceso de transici\u00f3n pol\u00edtica, en donde el Congreso ha conformado una fuerza social nueva, m\u00e1s hacia la izquierda, que ha impulsado una agenda progresista cuyos resultados pueden analizarse, que se han establecido como un modelo distinto al que ven\u00eda aplic\u00e1ndose tradicionalmente.<\/p>\n<p>En el foro participaron especialistas de Brasil, Chile, Colombia, Estados Unidos, M\u00e9xico y Uruguay.<\/p>\n<p style=\"text-align: center;\"><strong>Algunos datos de la desigualdad<\/strong><\/p>\n<p>La Secretar\u00eda de Seguridad y Protecci\u00f3n Ciudadana indica que de 214 mil 231 reos localizados en 289 centros penitenciarios del pa\u00eds, 11 mil 839 son mujeres.<\/p>\n<p>De ellas el 72 por ciento tienen hijos y el 88 por ciento son el sustento de su familia.<\/p>\n<p>S\u00f3lo el 5 por ciento de las mujeres que salen de prisi\u00f3n encuentran empleo debido a la discriminaci\u00f3n estructural.<\/p>\n<p>Eso requiere de una iniciativa que reforme el art\u00edculo 96 de la Ley Nacional de Ejecuci\u00f3n Penal, para que las autoridades corresponsables den seguimiento y continuidad a los procesos de inclusi\u00f3n laboral de las mujeres que hayan salido de prisi\u00f3n.<\/p>\n<p><em><a href=\"mailto:rvizcainoa@gmail.com\" target=\"_blank\" rel=\"noopener noreferrer\">rvizcainoa@gmail.com<\/a><br \/>\n<u><a href=\"http:\/\/endirecto.mx\" target=\"_blank\" rel=\"noopener noreferrer\">www.endirecto.mx<\/a><br \/>\n<a href=\"https:\/\/twitter.com\/_rvizcaino\" target=\"_blank\" rel=\"noopener noreferrer\">@_RVizcaino<\/a><br \/>\n<a href=\"https:\/\/www.facebook.com\/rvizcainoa\" target=\"_blank\" rel=\"noopener noreferrer\">facebook.com\/rvizcainoa<\/a><\/u><\/em><\/p>\n","protected":false},"excerpt":{"rendered":"<p><span style=\"color: #005497;\"><strong>Roberto Vizca\u00edno<\/strong><\/span><br \/>\n<br \/>\nPor alguna de esas razones ocultas que mueven los dichos y acciones del presidente <strong>Andr\u00e9s Manuel L\u00f3pez Obrador<\/strong>, inesperada como sorpresivamente comenz\u00f3 a hablar en su ma\u00f1anera de ayer de aquella campa\u00f1a de <strong><em>AMLO es un peligro para M\u00e9xico<\/em><\/strong> desplegada por el PAN y otros en la campa\u00f1a presidencial de 2006.<\/p>\n","protected":false},"author":3,"featured_media":0,"comment_status":"open","ping_status":"open","sticky":false,"template":"","format":"standard","meta":{"_monsterinsights_skip_tracking":false,"_monsterinsights_sitenote_active":false,"_monsterinsights_sitenote_note":"","_monsterinsights_sitenote_category":0,"footnotes":""},"categories":[136],"tags":[43674,93,94],"class_list":["post-499313","post","type-post","status-publish","format-standard","hentry","category-roberto-vizcaino-opinion","tag-opinion","tag-roberto-vizcaino","tag-tras-la-puerta-del-poder"],"_links":{"self":[{"href":"https:\/\/www.diarioimagen.net\/index.php?rest_route=\/wp\/v2\/posts\/499313","targetHints":{"allow":["GET"]}}],"collection":[{"href":"https:\/\/www.diarioimagen.net\/index.php?rest_route=\/wp\/v2\/posts"}],"about":[{"href":"https:\/\/www.diarioimagen.net\/index.php?rest_route=\/wp\/v2\/types\/post"}],"author":[{"embeddable":true,"href":"https:\/\/www.diarioimagen.net\/index.php?rest_route=\/wp\/v2\/users\/3"}],"replies":[{"embeddable":true,"href":"https:\/\/www.diarioimagen.net\/index.php?rest_route=%2Fwp%2Fv2%2Fcomments&post=499313"}],"version-history":[{"count":0,"href":"https:\/\/www.diarioimagen.net\/index.php?rest_route=\/wp\/v2\/posts\/499313\/revisions"}],"wp:attachment":[{"href":"https:\/\/www.diarioimagen.net\/index.php?rest_route=%2Fwp%2Fv2%2Fmedia&parent=499313"}],"wp:term":[{"taxonomy":"category","embeddable":true,"href":"https:\/\/www.diarioimagen.net\/index.php?rest_route=%2Fwp%2Fv2%2Fcategories&post=499313"},{"taxonomy":"post_tag","embeddable":true,"href":"https:\/\/www.diarioimagen.net\/index.php?rest_route=%2Fwp%2Fv2%2Ftags&post=499313"}],"curies":[{"name":"wp","href":"https:\/\/api.w.org\/{rel}","templated":true}]}}