{"id":499321,"date":"2021-03-11T00:06:52","date_gmt":"2021-03-11T06:06:52","guid":{"rendered":"https:\/\/www.diarioimagen.net\/?p=499321"},"modified":"2021-03-11T08:12:38","modified_gmt":"2021-03-11T14:12:38","slug":"consolidan-universitarias-causa-feminista-en-uaem-alfredo-barrera","status":"publish","type":"post","link":"https:\/\/www.diarioimagen.net\/?p=499321","title":{"rendered":"Consolidan universitarias causa feminista en UAEM: Alfredo Barrera"},"content":{"rendered":"<p>&nbsp;<\/p>\n<ul>\n<li><strong><em>En el D\u00eda Internacional de la Mujer Acad\u00e9mica Universitaria de la FAAPAUAEM 2021, el rector sostuvo que entre los logros obtenidos por las universitarias, destacan la actualizaci\u00f3n del protocolo para prevenir, atender y sancionar la violencia de g\u00e9nero, as\u00ed como la construcci\u00f3n de andadores en espacios universitarios que ofrecen zonas seguras para la mujer<\/em><\/strong><\/li>\n<\/ul>\n<p><strong>\u00a0<\/strong><\/p>\n<div id=\"attachment_499416\" style=\"width: 470px\" class=\"wp-caption aligncenter\"><a href=\"https:\/\/www.diarioimagen.net\/?attachment_id=499416\" rel=\"attachment wp-att-499416\"><img loading=\"lazy\" decoding=\"async\" aria-describedby=\"caption-attachment-499416\" class=\"size-full wp-image-499416\" src=\"https:\/\/www.diarioimagen.net\/wp-content\/uploads\/2021\/03\/UaemRector-1.jpg\" alt=\"\" width=\"460\" height=\"270\" \/><\/a><p id=\"caption-attachment-499416\" class=\"wp-caption-text\">El rector de la UAEM, Alfredo Barrera, asever\u00f3 que gracias a las estudiantes y acad\u00e9micas se alacanzaron cambios de enorme trascendencia para la causa feminista en esta Casa de Estudios<\/p><\/div>\n<p>&nbsp;<\/p>\n<p><strong>Toluca, Estado de M\u00e9xico.\u2013<\/strong> Los logros obtenidos por las universitarias en recientes a\u00f1os son un triunfo hist\u00f3rico para la Universidad Aut\u00f3noma del Estado de M\u00e9xico, pues gracias a las estudiantes y acad\u00e9micas se alacanzaron cambios de enorme trascendencia para la causa feminista en esta Casa de Estudios, asever\u00f3 el rector Alfredo Barrera Baca.<\/p>\n<p>A prop\u00f3sito del D\u00eda Institucional de la Mujer Acad\u00e9mica Universitaria de la Federaci\u00f3n de Asociaciones Aut\u00f3nomas de Personal Acad\u00e9mico de la UAEM (FAAPAUAEM) 2021, Alfredo Barrera abund\u00f3 que entre dichos logros, destacan la actualizaci\u00f3n del protocolo para prevenir, atender y sancionar la violencia de g\u00e9nero, as\u00ed como el impulso a la producci\u00f3n intelectual de las acad\u00e9micas en el arte, la ciencia y las humanidades.<\/p>\n<p>Tambi\u00e9n, la construcci\u00f3n de andadores en espacios universitarios que ofrecen zonas seguras para la mujer, la reforma al Estatuto Universitario para instituir el principio de igualdad de oportunidades para las mujeres y la construcci\u00f3n de una cultura de paz, as\u00ed como la reforma a todos los planes de estudio para promover el sentido \u00e9tico de la comunidad estudiantil a trav\u00e9s de cursos obligatorios sobre cultura de paz, igualdad de g\u00e9nero y autocuidado de la persona.<\/p>\n<p>En el Patio del Centenario del Edificio de Rector\u00eda de la UAEM y acompa\u00f1ado de la secretaria general de la FAAPAUAEM, Gilda Gonz\u00e1lez Villase\u00f1or, Alfredo Barrera reconoci\u00f3 el liderazgo cient\u00edfico y moral de las universitarias, pues forman parte de los m\u00e1s importantes avances culturales, organizativos y de empoderamiento real de la mujer en la sociedad, que ha sido transformada por el ascenso del movimiento feminista en todo el mundo.<\/p>\n<p>Durante este importante evento se entreg\u00f3 la Presea a la Mujer Acad\u00e9mica Universitaria 2021; en la categor\u00eda de Asignatura, a la acad\u00e9mica de la Facultad de Arquitectura y Dise\u00f1o de la UAEM, Laura Mar\u00eda de los \u00c1ngeles Gonz\u00e1lez Garc\u00eda; y en la categor\u00eda Nivel Superior, a la docente del Plantel Nezahualc\u00f3yotl de la Escuela Preparatoria de la UAEM, Stalina Vega Velazco.<\/p>\n<p>La secretaria general de la FAAPAUAEM, Gilda Gonz\u00e1lez Villase\u00f1or manifest\u00f3 su reconocimiento a las acad\u00e9micas universitarias por su apertura para adaptarse a la nueva normalidad al adoptar la modalidad remota emergente y el teletrabajo, as\u00ed como la creaci\u00f3n de nuevas metodolog\u00edas y estrategias de ense\u00f1anza y aprendizaje por medio de las tecnolog\u00edas, a fin de llevar a cabo una docencia de calidad, al tiempo de acotar la brecha digital entre la comunidad estudiantil.<\/p>\n<p>En su oportunidad, Stalina Vega Velazco consider\u00f3 que las mujeres acad\u00e9micas universitarias se han distinguido por sus grandes aportes a la educaci\u00f3n en las ciencias, el desarrollo de nuevas tecnolog\u00edas, la literatura, las artes, entre otras \u00e1reas del conocimiento que permiten equilibrar el papel de la mujer en la sociedad.<\/p>\n<p>&nbsp;<\/p>\n","protected":false},"excerpt":{"rendered":"<p>Los logros obtenidos por las universitarias en recientes a\u00f1os son un triunfo hist\u00f3rico para la Universidad Aut\u00f3noma del Estado de M\u00e9xico, pues gracias a las estudiantes y acad\u00e9micas se alacanzaron cambios de enorme trascendencia para la causa feminista en esta Casa de Estudios, asever\u00f3 el rector Alfredo Barrera Baca.<\/p>\n","protected":false},"author":3,"featured_media":499416,"comment_status":"open","ping_status":"open","sticky":false,"template":"","format":"standard","meta":{"_monsterinsights_skip_tracking":false,"_monsterinsights_sitenote_active":false,"_monsterinsights_sitenote_note":"","_monsterinsights_sitenote_category":0,"footnotes":""},"categories":[5],"tags":[43675,23386,452,1491],"class_list":["post-499321","post","type-post","status-publish","format-standard","has-post-thumbnail","hentry","category-estado-de-mexico","tag-estado-de-mexico","tag-faapauaem","tag-toluca","tag-uaem"],"_links":{"self":[{"href":"https:\/\/www.diarioimagen.net\/index.php?rest_route=\/wp\/v2\/posts\/499321","targetHints":{"allow":["GET"]}}],"collection":[{"href":"https:\/\/www.diarioimagen.net\/index.php?rest_route=\/wp\/v2\/posts"}],"about":[{"href":"https:\/\/www.diarioimagen.net\/index.php?rest_route=\/wp\/v2\/types\/post"}],"author":[{"embeddable":true,"href":"https:\/\/www.diarioimagen.net\/index.php?rest_route=\/wp\/v2\/users\/3"}],"replies":[{"embeddable":true,"href":"https:\/\/www.diarioimagen.net\/index.php?rest_route=%2Fwp%2Fv2%2Fcomments&post=499321"}],"version-history":[{"count":0,"href":"https:\/\/www.diarioimagen.net\/index.php?rest_route=\/wp\/v2\/posts\/499321\/revisions"}],"wp:featuredmedia":[{"embeddable":true,"href":"https:\/\/www.diarioimagen.net\/index.php?rest_route=\/wp\/v2\/media\/499416"}],"wp:attachment":[{"href":"https:\/\/www.diarioimagen.net\/index.php?rest_route=%2Fwp%2Fv2%2Fmedia&parent=499321"}],"wp:term":[{"taxonomy":"category","embeddable":true,"href":"https:\/\/www.diarioimagen.net\/index.php?rest_route=%2Fwp%2Fv2%2Fcategories&post=499321"},{"taxonomy":"post_tag","embeddable":true,"href":"https:\/\/www.diarioimagen.net\/index.php?rest_route=%2Fwp%2Fv2%2Ftags&post=499321"}],"curies":[{"name":"wp","href":"https:\/\/api.w.org\/{rel}","templated":true}]}}