{"id":499329,"date":"2021-03-11T00:05:56","date_gmt":"2021-03-11T06:05:56","guid":{"rendered":"https:\/\/www.diarioimagen.net\/?p=499329"},"modified":"2021-03-11T08:45:48","modified_gmt":"2021-03-11T14:45:48","slug":"llama-gobierno-del-estado-de-mexico-a-los-adultos-mayores-a-protegerse-contra-covid-19","status":"publish","type":"post","link":"https:\/\/www.diarioimagen.net\/?p=499329","title":{"rendered":"Llama gobierno del Estado de M\u00e9xico a los adultos mayores a protegerse contra Covid-19"},"content":{"rendered":"<p>&nbsp;<\/p>\n<ul>\n<li><strong><em>Subraya que el proceso de vacunaci\u00f3n busca la protecci\u00f3n de uno de los sectores m\u00e1s vulnerables ante la pandemia<\/em><\/strong><\/li>\n<li><strong><em>Asegura que est\u00e1 garantizado el biol\u00f3gico para todos y pide que no pernocten, pues ponen en riesgo su salud<\/em><\/strong><\/li>\n<\/ul>\n<p>&nbsp;<\/p>\n<div id=\"attachment_499453\" style=\"width: 470px\" class=\"wp-caption aligncenter\"><a href=\"https:\/\/www.diarioimagen.net\/?attachment_id=499453\" rel=\"attachment wp-att-499453\"><img loading=\"lazy\" decoding=\"async\" aria-describedby=\"caption-attachment-499453\" class=\"size-full wp-image-499453\" src=\"https:\/\/www.diarioimagen.net\/wp-content\/uploads\/2021\/03\/EDOMEX-3.jpg\" alt=\"\" width=\"460\" height=\"270\" \/><\/a><p id=\"caption-attachment-499453\" class=\"wp-caption-text\">Contin\u00faa el proceso de vacunaci\u00f3n contra Covid-19 a los adultos mayores y hasta ayer se hab\u00edan aplicado m\u00e1s de 222 mil dosis.<\/p><\/div>\n<p>&nbsp;<\/p>\n<p><strong>Toluca, Estado de M\u00e9xico.- <\/strong>Con la acci\u00f3n coordinada entre los gobiernos federal, estatal y municipal, contin\u00faa el proceso de vacunaci\u00f3n contra Covid-19 a los adultos mayores y hasta el momento se han aplicado 222 mil 777 dosis a igual n\u00famero de personas de la tercera edad y la tarea prosigue en los municipios donde actualmente se lleva a cabo esta acci\u00f3n.<\/p>\n<p>El gobierno del Estado de M\u00e9xico precis\u00f3 que la respuesta ha sido importante por parte de la ciudadan\u00eda, por lo que reiter\u00f3 el llamado a quienes son mayores de 60 a\u00f1os y viven en Amecameca, Ayapango, Juchitepec, Tepetlixpa, Tlalmanalco, Xonacatl\u00e1n, Texcaltitl\u00e1n, Sultepec, Malinalco, Zumpahuac\u00e1n, Tenancingo, Ixtapan de la Sal, Tonatico, Villa Guerrero, Luvianos, San Sim\u00f3n de Guerrero, Tejupilco, Valle de Bravo, Ecatepec y Toluca para que acudan si a\u00fan no han sido inmunizados.<\/p>\n<p>Puntualiz\u00f3 que los beneficiarios deben presentar el registro oficial del portal <em>https:\/\/mivacuna.salud.gob.mx\/index.php<\/em> y una identificaci\u00f3n oficial, pero en caso de no haber realizado este tr\u00e1mite pueden acudir con su credencial del INE o del INAPAM, m\u00e1s copia de la CURP, a fin de comprobar que son residentes del municipio y si llevan una identificaci\u00f3n oficial en la que no aparezca su direcci\u00f3n, deben acudir con la copia de su CURP y una constancia domiciliaria reciente.<\/p>\n<p>De igual manera, enfatiz\u00f3 que no es necesario que se formen un d\u00eda antes, pues el biol\u00f3gico est\u00e1 garantizado para todos y con ello se evitar\u00e1 que pongan en riesgo su salud al pernoctar durante la noche y exponerse a cambios bruscos de temperatura.<\/p>\n<p>Asimismo, el gobierno mexiquense, a trav\u00e9s de la Secretar\u00eda de Salud, record\u00f3 a los adultos mayores que deben haber desayunado bien, si llevan tratamiento por alguna enfermedad tomar puntualmente sus medicamentos, acudir con agua y un peque\u00f1o refrigerio y respetar las medidas sanitarias para evitar riesgo de contagio del nuevo coronavirus.<\/p>\n<p>Por ello, deben portar cubrebocas, mismo que debe proteger ment\u00f3n, nariz y boca, usar careta o googles, respetar la sana distancia, que comprende dejar un espacio entre personas de metro y medio, as\u00ed como atender las indicaciones del personal que se encuentra en los m\u00f3dulos de vacunaci\u00f3n a fin de no generar aglomeraciones.<\/p>\n<p>Por \u00faltimo, coment\u00f3 que este proceso forma parte de la Campa\u00f1a Conjunta de Vacunaci\u00f3n que lleva a cabo el gobierno de M\u00e9xico en estrecha colaboraci\u00f3n con el de la entidad, que preside el Gobernador Alfredo Del Mazo Maza, y que trabaja para proteger a uno de los grupos m\u00e1s vulnerables ante la pandemia.<\/p>\n","protected":false},"excerpt":{"rendered":"<p>Con la acci\u00f3n coordinada entre los gobiernos federal, estatal y municipal, contin\u00faa el proceso de vacunaci\u00f3n contra Covid-19 a los adultos mayores y hasta el momento se han aplicado 222 mil 777 dosis a igual n\u00famero de personas de la tercera edad y la tarea prosigue en los municipios donde actualmente se lleva a cabo esta acci\u00f3n.<\/p>\n","protected":false},"author":3,"featured_media":499453,"comment_status":"open","ping_status":"open","sticky":false,"template":"","format":"standard","meta":{"_monsterinsights_skip_tracking":false,"_monsterinsights_sitenote_active":false,"_monsterinsights_sitenote_note":"","_monsterinsights_sitenote_category":0,"footnotes":""},"categories":[5],"tags":[15930,90021,43675,55617,452,92286],"class_list":["post-499329","post","type-post","status-publish","format-standard","has-post-thumbnail","hentry","category-estado-de-mexico","tag-adultos-mayores","tag-covid-19","tag-estado-de-mexico","tag-llamado","tag-toluca","tag-vacunarse"],"_links":{"self":[{"href":"https:\/\/www.diarioimagen.net\/index.php?rest_route=\/wp\/v2\/posts\/499329","targetHints":{"allow":["GET"]}}],"collection":[{"href":"https:\/\/www.diarioimagen.net\/index.php?rest_route=\/wp\/v2\/posts"}],"about":[{"href":"https:\/\/www.diarioimagen.net\/index.php?rest_route=\/wp\/v2\/types\/post"}],"author":[{"embeddable":true,"href":"https:\/\/www.diarioimagen.net\/index.php?rest_route=\/wp\/v2\/users\/3"}],"replies":[{"embeddable":true,"href":"https:\/\/www.diarioimagen.net\/index.php?rest_route=%2Fwp%2Fv2%2Fcomments&post=499329"}],"version-history":[{"count":0,"href":"https:\/\/www.diarioimagen.net\/index.php?rest_route=\/wp\/v2\/posts\/499329\/revisions"}],"wp:featuredmedia":[{"embeddable":true,"href":"https:\/\/www.diarioimagen.net\/index.php?rest_route=\/wp\/v2\/media\/499453"}],"wp:attachment":[{"href":"https:\/\/www.diarioimagen.net\/index.php?rest_route=%2Fwp%2Fv2%2Fmedia&parent=499329"}],"wp:term":[{"taxonomy":"category","embeddable":true,"href":"https:\/\/www.diarioimagen.net\/index.php?rest_route=%2Fwp%2Fv2%2Fcategories&post=499329"},{"taxonomy":"post_tag","embeddable":true,"href":"https:\/\/www.diarioimagen.net\/index.php?rest_route=%2Fwp%2Fv2%2Ftags&post=499329"}],"curies":[{"name":"wp","href":"https:\/\/api.w.org\/{rel}","templated":true}]}}