{"id":499335,"date":"2021-03-11T00:02:05","date_gmt":"2021-03-11T06:02:05","guid":{"rendered":"https:\/\/www.diarioimagen.net\/?p=499335"},"modified":"2021-03-11T08:54:36","modified_gmt":"2021-03-11T14:54:36","slug":"en-tultitlan-reconocemos-la-importancia-de-nuestras-mujeres-alcaldesa-elena-garcia","status":"publish","type":"post","link":"https:\/\/www.diarioimagen.net\/?p=499335","title":{"rendered":"En Tultitl\u00e1n, reconocemos la importancia de nuestras mujeres: alcaldesa Elena Garc\u00eda"},"content":{"rendered":"<p>&nbsp;<\/p>\n<p><a href=\"https:\/\/www.diarioimagen.net\/?attachment_id=499462\" rel=\"attachment wp-att-499462\"><img loading=\"lazy\" decoding=\"async\" class=\"aligncenter size-full wp-image-499462\" src=\"https:\/\/www.diarioimagen.net\/wp-content\/uploads\/2021\/03\/tultitlan-1.jpg\" alt=\"\" width=\"460\" height=\"270\" \/><\/a><\/p>\n<p>&nbsp;<\/p>\n<p><strong>Tultitl\u00e1n, Estado de M\u00e9xico<\/strong><strong>.-<\/strong> Con un discurso que enmarca la importancia hist\u00f3rica de las mujeres, la presidenta municipal Elena Garc\u00eda, resalt\u00f3: \u201choy honramos la lucha de las mujeres trabajadoras, que fueron el parte aguas para generar una sociedad m\u00e1s igualitaria y justa, entre hombres y mujeres\u201d. Ratific\u00f3 su responsabilidad con las mujeres tultitlenses, de seguir generando condiciones de igualdad para ellas.<\/p>\n<p>Hizo menci\u00f3n de la construcci\u00f3n del lactario municipal, tambi\u00e9n se mencion\u00f3 la creaci\u00f3n de una casa de pernocta, espacio que garantiza salvaguardar la integridad de las mujeres. La alcaldesa dej\u00f3 claro que, \u201ceste gobierno, s\u00ed cumple, generando las condiciones id\u00f3neas para que toda la ciudadan\u00eda goce y disfrute de sus derechos fundamentales, con especial \u00e9nfasis en las mujeres\u201d.<\/p>\n","protected":false},"excerpt":{"rendered":"<p>Con un discurso que enmarca la importancia hist\u00f3rica de las mujeres, la presidenta municipal Elena Garc\u00eda, resalt\u00f3: \u201choy honramos la lucha de las mujeres trabajadoras, que fueron el parte aguas para generar una sociedad m\u00e1s igualitaria y justa, entre hombres y mujeres\u201d. Ratific\u00f3 su responsabilidad con las mujeres tultitlenses, de seguir generando condiciones de igualdad para ellas.<\/p>\n","protected":false},"author":3,"featured_media":499462,"comment_status":"open","ping_status":"open","sticky":false,"template":"","format":"standard","meta":{"_monsterinsights_skip_tracking":false,"_monsterinsights_sitenote_active":false,"_monsterinsights_sitenote_note":"","_monsterinsights_sitenote_category":0,"footnotes":""},"categories":[5],"tags":[81656,43675,578],"class_list":["post-499335","post","type-post","status-publish","format-standard","has-post-thumbnail","hentry","category-estado-de-mexico","tag-elena-garcia-martinez","tag-estado-de-mexico","tag-tultitlan"],"_links":{"self":[{"href":"https:\/\/www.diarioimagen.net\/index.php?rest_route=\/wp\/v2\/posts\/499335","targetHints":{"allow":["GET"]}}],"collection":[{"href":"https:\/\/www.diarioimagen.net\/index.php?rest_route=\/wp\/v2\/posts"}],"about":[{"href":"https:\/\/www.diarioimagen.net\/index.php?rest_route=\/wp\/v2\/types\/post"}],"author":[{"embeddable":true,"href":"https:\/\/www.diarioimagen.net\/index.php?rest_route=\/wp\/v2\/users\/3"}],"replies":[{"embeddable":true,"href":"https:\/\/www.diarioimagen.net\/index.php?rest_route=%2Fwp%2Fv2%2Fcomments&post=499335"}],"version-history":[{"count":0,"href":"https:\/\/www.diarioimagen.net\/index.php?rest_route=\/wp\/v2\/posts\/499335\/revisions"}],"wp:featuredmedia":[{"embeddable":true,"href":"https:\/\/www.diarioimagen.net\/index.php?rest_route=\/wp\/v2\/media\/499462"}],"wp:attachment":[{"href":"https:\/\/www.diarioimagen.net\/index.php?rest_route=%2Fwp%2Fv2%2Fmedia&parent=499335"}],"wp:term":[{"taxonomy":"category","embeddable":true,"href":"https:\/\/www.diarioimagen.net\/index.php?rest_route=%2Fwp%2Fv2%2Fcategories&post=499335"},{"taxonomy":"post_tag","embeddable":true,"href":"https:\/\/www.diarioimagen.net\/index.php?rest_route=%2Fwp%2Fv2%2Ftags&post=499335"}],"curies":[{"name":"wp","href":"https:\/\/api.w.org\/{rel}","templated":true}]}}