{"id":499474,"date":"2021-03-12T00:01:11","date_gmt":"2021-03-12T06:01:11","guid":{"rendered":"https:\/\/www.diarioimagen.net\/?p=499474"},"modified":"2021-03-12T08:22:30","modified_gmt":"2021-03-12T14:22:30","slug":"aeromexico-realizo-el-primer-vuelo-en-su-historia-con-destino-a-rusia","status":"publish","type":"post","link":"https:\/\/www.diarioimagen.net\/?p=499474","title":{"rendered":"Aerom\u00e9xico realiz\u00f3 el primer vuelo en su historia con destino a Rusia"},"content":{"rendered":"<h2>De cinco estrellas<\/h2>\n<h5>Victoria Gonz\u00e1lez Prado<\/h5>\n<p>&nbsp;<\/p>\n<ul>\n<li><strong><em>Presentan tren de alta velocidad que se puede manejar con un solo dedo<\/em><\/strong><\/li>\n<li><strong><em>La 24\u00aa reuni\u00f3n de la Asamblea General de la OMT ser\u00e1 en Marrakech<\/em><\/strong><\/li>\n<li><strong><em>Nuevo filtro para evitar contagios en aviones implementa aerol\u00ednea israel\u00ed<\/em><\/strong><\/li>\n<\/ul>\n<p>&nbsp;<\/p>\n<div id=\"attachment_499583\" style=\"width: 470px\" class=\"wp-caption aligncenter\"><a href=\"https:\/\/www.diarioimagen.net\/?attachment_id=499583\" rel=\"attachment wp-att-499583\"><img loading=\"lazy\" decoding=\"async\" aria-describedby=\"caption-attachment-499583\" class=\"size-full wp-image-499583\" src=\"https:\/\/www.diarioimagen.net\/wp-content\/uploads\/2021\/03\/1-1.jpg\" alt=\"\" width=\"460\" height=\"270\" \/><\/a><p id=\"caption-attachment-499583\" class=\"wp-caption-text\">Aerom\u00e9xico realiz\u00f3 primer vuelo a Rusia.<\/p><\/div>\n<p>&nbsp;<\/p>\n<p>Aerom\u00e9xico realiz\u00f3 el primer vuelo con destino a Rusia, gracias a la confianza brindada por <em>DHL Global Forwarding<\/em> para concretar operaci\u00f3n ch\u00e1rter de transporte de carga.<\/p>\n<p>El vuelo inici\u00f3 el pasado 8 de marzo Ciudad de M\u00e9xico-Madrid-Mosc\u00fa que aterriz\u00f3 el 9 de marzo en el Aeropuerto Internacional <em>Sherem\u00e9tievo <\/em>en Rusia. Una vez depositada la carga, el <em>Boeing 787 Dreamliner<\/em> parti\u00f3 hacia la Ciudad de M\u00e9xico tambi\u00e9n con escala en la capital espa\u00f1ola.<\/p>\n<p>El recorrido redondo fue de poco m\u00e1s de 32 horas de vuelo y casi 25 mil kil\u00f3metros recorridos con tripulaci\u00f3n total de nueve pilotos.<\/p>\n<p>En los \u00faltimos 12 meses la aerol\u00ednea ha aterrizado por primera vez con sus aviones <em>Dreamliner<\/em> en 20 aeropuertos de 14 pa\u00edses: Belo Horizonte, Cabo Fr\u00edo, Cali, Fortaleza, Fr\u00e1ncfort, Guatemala, Guayaquil, Hong Kong, Kingston, Mosc\u00fa, Panam\u00e1, Porto Alegre, Quito, Santo Domingo, San Jos\u00e9, San Pedro Sula, San Salvador, Shenzhen, Winnipeg y Wuhan.<\/p>\n<p><strong>Alejandro M\u00e9ndez<\/strong>, vicepresidente Senior de Aerom\u00e9xico Cargo se\u00f1al\u00f3: \u201cestamos agradecidos con <em>DHL Global Forwarding<\/em> por su confianza. Ambas compa\u00f1\u00edas nos esforzamos por entregar el mejor servicio a nuestros clientes e implementamos los m\u00e1s altos protocolos de seguridad. Estamos orgullosos de este primer vuelo a Rusia, que se suma a muchos destinos a los que la compa\u00f1\u00eda ha volado por primera vez\u201d.<\/p>\n<p>Desde el inicio de la pandemia a la fecha, la aerol\u00ednea ha transportado m\u00e1s de 6 mil 400 toneladas en 325 operaciones ch\u00e1rter para el traslado de insumos m\u00e9dicos y otras mercanc\u00edas a M\u00e9xico y otros 16 pa\u00edses.<\/p>\n<p>Cabe destacar que la carga m\u00e1s com\u00fan es de productos perecederos, animales vivos, bienes de alto valor, tecnolog\u00eda, f\u00e1rmacos e insumos m\u00e9dicos.<\/p>\n<p>\u2730\u2730\u2730\u2730\u2730 Nuevo prototipo de tren presentado en China supone revoluci\u00f3n para la movilidad<strong>.<\/strong> Alcanzar\u00e1 velocidad que duplica a la del Alta Velocidad Espa\u00f1ola (AVE) \u2014620 km\/h, en comparaci\u00f3n con los 310 km\/h del AVE\u2014, este nuevo ferrocarril puede manejarse con un dedo gracias a su tecnolog\u00eda de levitaci\u00f3n magn\u00e9tica y superconductores de alta temperatura<strong>.<\/strong><\/p>\n<p>Este tren, de 21 metros de largo, 12 toneladas de peso y denominado <em>\u2018Maglev\u2019<strong>,<\/strong><\/em> ha sido desarrollado por la Universidad <em>Southwest Jiaotong<\/em>, en la ciudad de Chengdu (Sichuan, China), en conjunto con las empresas <em>China Railway Group Limited<\/em> y <em>CRRC Corporation Limited. <\/em> .<\/p>\n<p><strong>Wu Zili<\/strong> ingeniero que forma parte del equipo de desarrollo dijo que el costo del tren es m\u00e1s elevado que el de otros ferrocarriles de alta velocidad. Sin embargo, <strong>Zili<\/strong> espera que, una vez comiencen a fabricarse sus componentes de forma masiva, el precio baje.<\/p>\n<p>\u2730\u2730\u2730\u2730\u2730 La Organizaci\u00f3n Mundial del Turismo (OMT) y el Reino de Marruecos se reunieron para avanzar en los preparativos de la 24\u00aa reuni\u00f3n de la Asamblea General de la OMT que tendr\u00e1 lugar en octubre pr\u00f3ximo en Marrakech y ser\u00e1 el primer encuentro global de Naciones Unidas desde que comenz\u00f3 la pandemia.<\/p>\n<p>Encabezada por el secretario general, <strong>Zurab Pololikashvili<\/strong>, la delegaci\u00f3n de la OMT visit\u00f3 Marruecos para debatir el programa, hoja de ruta y lugares para la celebraci\u00f3n de esta reuni\u00f3n estatutaria que se enfocar\u00e1 en tres temas: Educaci\u00f3n y Juventud, Desarrollo Rural e Innovaci\u00f3n Digital.<\/p>\n<p>El turismo se est\u00e1 adaptando a nueva realidad y hace frente al futuro con optimismo y con el apoyo de nuestros estados miembros<\/p>\n<p>La Ministra de Turismo de Marruecos, <strong>Nadia Fettah Alaoui<\/strong>, y su equipo acompa\u00f1aron a la delegaci\u00f3n durante la visita de tres d\u00edas comprometi\u00e9ndose a organizar \u201casamblea hist\u00f3rica\u201d, mediante la que se demuestre la importancia de reactivar el turismo internacional de forma segura y m\u00e1s sostenible.<\/p>\n<p>El Primer Ministro de Marruecos, <strong>Saadeddine Othmani<\/strong>, y el Ministro de Asuntos Exteriores, <strong>Nasser Bourita<\/strong>, dieron la bienvenida al secretario general de la OMT en Rabat y destacaron la importancia de esta reuni\u00f3n y el apoyo al m\u00e1s alto nivel del pa\u00eds anfitri\u00f3n. La delegaci\u00f3n tambi\u00e9n fue recibida por el gobernador de la regi\u00f3n de Marrakech-Safi, <strong>Karim Kassi Lahlou<\/strong>, autoridades locales y del sector privado de la zona, directamente involucrados en los preparativos.<\/p>\n<p>El secretario general <strong>Pololikashivili<\/strong> agradeci\u00f3 al Primer Ministro y su Gobierno la estrecha colaboraci\u00f3n para garantizar que la Asamblea sea exitosa frente a la crisis sin precedentes provocada por el Covid-19. \u201cEl turismo se est\u00e1 adaptando a nueva realidad y hace frente al futuro con optimismo y con el apoyo de nuestros estados Miembros\u201d, asegur\u00f3.<\/p>\n<p>Durante la Asamblea se abordar\u00e1 la visi\u00f3n de la OMT para recuperar y repensar el turismo, con temas como la introducci\u00f3n de nuevos protocolos de viaje y otros aspectos clave.<\/p>\n<p>\u2730\u2730\u2730\u2730\u2730 Los pasajeros del vuelo LY003 de <em>El Al<\/em> \u2014del aeropuerto internacional Ben Gurion a Nueva York\u2014 fue seleccionado para participar en prueba piloto para realizar <em>test<\/em> y detectar Covid-19 cuyo resultado se conoce 15 minutos despu\u00e9s del hisopado.<\/p>\n<p>La prueba piloto, que la aerol\u00ednea de bandera israel\u00ed bautiz\u00f3 <em>\u201cExtra Car\u201d,<\/em> busca pacientes asintom\u00e1ticos y se practic\u00f3 en pasajeros que hasta la fecha no se vacunaron y como medida adicional al requisito de la PCR.<\/p>\n<p>El m\u00e9todo de prueba consiste en la b\u00fasqueda del ant\u00edgeno del Covid-19. A diferencia de las pruebas de PCR conocidas, este m\u00e9todo permite encontrar la prote\u00edna del coronavirus en apenas 15 minutos. En caso de resultado positivo, el pasajero y sus acompa\u00f1antes no podr\u00e1n subir al avi\u00f3n.<\/p>\n<p>El pasajero<strong> Tomer <\/strong>en el vuelo a Nueva York, no est\u00e1 vacunado y acept\u00f3 participar en la prueba, que por el momento, exige consentimiento de los pasajeros. \u201ces una buena soluci\u00f3n para aquellos que planean volar pronto\u201d, afirm\u00f3. Tras someterse al test, debi\u00f3 esperar un cuarto de hora hasta recibir el resultado negativo en su tel\u00e9fono m\u00f3vil y as\u00ed continuar su proceso de embarque.<\/p>\n<p><strong>Avigal Soreq<\/strong>, CEO de <em>El Al,<\/em> no descart\u00f3 que este paso se convierta en obligatorio para todo los vuelos de la compa\u00f1\u00eda. \u201cEs demasiado pronto para saberlo, pero estamos buscando la manera de convivir con el coronavirus y al mismo tiempo encontrar soluciones para la industria del turismo y la aviaci\u00f3n\u201d.<\/p>\n<p><strong>Gili Regev<\/strong>, profesional del hospital <em>Sheba Tel Hashomer<\/em> que participa en el proyecto, explic\u00f3 que esta prueba r\u00e1pida es para \u201cotorgar tres capas de protecci\u00f3n y asegurarse que el virus no est\u00e9 en el vuelo\u201d, en referencia a la vacuna, la prueba PCR y la prueba de ant\u00edgeno. \u201cEs como una prueba de embarazo, en un cuarto de hora ya hay una respuesta\u201d, detall\u00f3.<\/p>\n<p>&nbsp;<\/p>\n<blockquote>\n<p style=\"text-align: right;\">\u201c<strong>El<\/strong> <strong>\u00e1ngel de la fama tiene sus alas hechas de papel&#8230; peri\u00f3dico\u201d.<br \/>\n<\/strong><\/p>\n<\/blockquote>\n<p>&nbsp;<\/p>\n<p><em><span class=\"Apple-converted-space\"><a href=\"mailto:victoriagprado@gmail.com\" target=\"_blank\" rel=\"noopener noreferrer\">victoriagprado@gmail.com<\/a><br \/>\nTwitter: <a href=\"https:\/\/twitter.com\/victoriagprado\" target=\"_blank\" rel=\"noopener noreferrer\">@victoriagprado<\/a><\/span><\/em><\/p>\n","protected":false},"excerpt":{"rendered":"<p>Aerom\u00e9xico realiz\u00f3 el primer vuelo con destino a Rusia, gracias a la confianza brindada por DHL Global Forwarding para concretar operaci\u00f3n ch\u00e1rter de transporte de carga.<\/p>\n","protected":false},"author":3,"featured_media":499583,"comment_status":"open","ping_status":"open","sticky":false,"template":"","format":"standard","meta":{"_monsterinsights_skip_tracking":false,"_monsterinsights_sitenote_active":false,"_monsterinsights_sitenote_note":"","_monsterinsights_sitenote_category":0,"footnotes":""},"categories":[11],"tags":[107,43681,106],"class_list":["post-499474","post","type-post","status-publish","format-standard","has-post-thumbnail","hentry","category-turismo","tag-de-cinco-estrellas","tag-turismo","tag-victoria-gonzalez-prado"],"_links":{"self":[{"href":"https:\/\/www.diarioimagen.net\/index.php?rest_route=\/wp\/v2\/posts\/499474","targetHints":{"allow":["GET"]}}],"collection":[{"href":"https:\/\/www.diarioimagen.net\/index.php?rest_route=\/wp\/v2\/posts"}],"about":[{"href":"https:\/\/www.diarioimagen.net\/index.php?rest_route=\/wp\/v2\/types\/post"}],"author":[{"embeddable":true,"href":"https:\/\/www.diarioimagen.net\/index.php?rest_route=\/wp\/v2\/users\/3"}],"replies":[{"embeddable":true,"href":"https:\/\/www.diarioimagen.net\/index.php?rest_route=%2Fwp%2Fv2%2Fcomments&post=499474"}],"version-history":[{"count":0,"href":"https:\/\/www.diarioimagen.net\/index.php?rest_route=\/wp\/v2\/posts\/499474\/revisions"}],"wp:featuredmedia":[{"embeddable":true,"href":"https:\/\/www.diarioimagen.net\/index.php?rest_route=\/wp\/v2\/media\/499583"}],"wp:attachment":[{"href":"https:\/\/www.diarioimagen.net\/index.php?rest_route=%2Fwp%2Fv2%2Fmedia&parent=499474"}],"wp:term":[{"taxonomy":"category","embeddable":true,"href":"https:\/\/www.diarioimagen.net\/index.php?rest_route=%2Fwp%2Fv2%2Fcategories&post=499474"},{"taxonomy":"post_tag","embeddable":true,"href":"https:\/\/www.diarioimagen.net\/index.php?rest_route=%2Fwp%2Fv2%2Ftags&post=499474"}],"curies":[{"name":"wp","href":"https:\/\/api.w.org\/{rel}","templated":true}]}}