{"id":499527,"date":"2021-03-12T00:02:25","date_gmt":"2021-03-12T06:02:25","guid":{"rendered":"https:\/\/www.diarioimagen.net\/?p=499527"},"modified":"2021-03-12T00:43:50","modified_gmt":"2021-03-12T06:43:50","slug":"del-denme-por-muerto-al-me-jubilo-por-completo-de-amlo","status":"publish","type":"post","link":"https:\/\/www.diarioimagen.net\/?p=499527","title":{"rendered":"Del \u201cdenme por muerto\u201d al \u201cme jubilo por completo\u201d, de AMLO"},"content":{"rendered":"<h2>La Retaguardia<\/h2>\n<h5>Adriana Moreno Cordero<\/h5>\n<p><em>\u00a0<\/em><\/p>\n<ul>\n<li><strong><em>Banderazo a la carrera por el 2024<\/em><\/strong><\/li>\n<li><strong><em>En Oaxaca, Nancy Ortiz contra\u00a0 Monta\u00f1o<\/em><\/strong><\/li>\n<\/ul>\n<p>&nbsp;<\/p>\n<p>Del \u201cdenme por muerto\u201d al \u201cme jubilo por completo\u201d. Qu\u00e9 tiempos aquellos en los que <strong>Andr\u00e9s Manuel L\u00f3pez Obrador<\/strong> era jefe de Gobierno de la Ciudad de M\u00e9xico y respecto a la carrera presidencial de ese entonces, dec\u00eda que lo dieran por muerto. Ayer, en el gustad\u00edsimo \u201cstand-up\u201d ma\u00f1anero, al tiempo que el tabasque\u00f1o sacaba su pa\u00f1uelo blanco y lo onde\u00f3 como bandera de la paz, declar\u00f3 que en 2024 supuestamente se jubilar\u00e1 por completo. A ver si es cierto.<\/p>\n<p>A lo mejor el inquilino de Palacio Nacional quiere disipar los temores de que pudiera intentar reelegirse, pero a la vez, estar\u00eda dando el banderazo de salida a la carrera presidencial y por ello se atrevi\u00f3 a decir que en su partido, Morena, ya se tiene a quien ser\u00e1 su sucesor, por lo que de inmediato se empezaron a manejar nombres.<\/p>\n<p>Resulta hasta l\u00f3gico que en esta pandemia tan mal manejada en nuestro pa\u00eds por la llamada Cuarta Transformaci\u00f3n, fue aprovechada por quienes quieren ser el relevo del tabasque\u00f1o en la Presidencia de la Rep\u00fablica.<\/p>\n<p>\u201cEstoy contento porque ya hay relevo generacional, si el pueblo lo decide y el Creador lo decide, yo estoy hasta el 24\u201d.<\/p>\n<p>Una de ellas es la jefa de Gobierno de la Ciudad de M\u00e9xico, <strong>Claudia Sheinbaum,<\/strong> que, debido a sus aspiraciones, entr\u00f3 en un perverso c\u00edrculo vicioso en el que \u201clo que hace la mano, hace la tras\u201d y pr\u00e1cticamente la funcionaria capitalina repite lo que ve que hace su jefe, como por ejemplo, aquella frase que repitiera cuando en las manifestaciones por el 8M, los polic\u00edas \u2014que no granaderos, porque ya no hay\u2014 dispersaron gases lacrim\u00f3genos: \u201cno somos iguales (que los anteriores funcionarios)\u201d, repiti\u00f3 la se\u00f1ora Sheinbaum, nada m\u00e1s que le falt\u00f3 completar, \u201csomos peores\u201d.<\/p>\n<p>Desde luego que quien despacha desde el Antiguo Palacio del Ayuntamiento ha tenido una que otra salvedad, pero muy espor\u00e1dica. No se le puede escamotear que el tema de la vacunaci\u00f3n a las personas de la tercera edad en la capital de la Rep\u00fablica, lo manej\u00f3 bien, a diferencia de su jefe.<\/p>\n<p>Eso s\u00ed, Sheinbaum Pardo es mujer y no le vaya a pasar como a la senadora <strong>Josefina V\u00e1zquez Mota<\/strong>, que en la semana que termina denunci\u00f3 como violencia de g\u00e9nero de parte de los ex presidentes <strong>Vicente Fox<\/strong> y <strong>Felipe Calder\u00f3n<\/strong>, la muy mala campa\u00f1a presidencial que encabez\u00f3 y de la que sali\u00f3 frustrada.<\/p>\n<p>Quien, por otra parte, verdaderamente ans\u00eda suceder a L\u00f3pez Obrador, es <strong>Marcelo \u201cmisi\u00f3n cumplida\u201d Ebrard<\/strong> y por eso se esfuerza por ser el \u201cedec\u00e1n traductor estrella\u201d y hacerse el superfuncionario indispensable, para parecer una especie de vicepresidente de esta llamada cuarta transformaci\u00f3n.<\/p>\n<p>En noviembre de 2011, Ebrard Casaubon compiti\u00f3 por la candidatura del PRD a la Presidencia de la Rep\u00fablica frente a L\u00f3pez Obrador y perdi\u00f3, sin embargo, acept\u00f3 \u201cde mil amores\u201d el resultado. Quien en esos momentos representaba el ala moderada del sol azteca, dijo algo que en la actualidad, viene \u201ccomo anillo al dedo\u201d, para citar a un cl\u00e1sico, \u201cdividida, la izquierda se ir\u00eda al precipicio\u201d y bueno, aunque esta llamada Cuarta Transformaci\u00f3n no es izquierda, s\u00f3lo soberbia y autoritaria, qui\u00e9n sabe qu\u00e9 fin pueda tener.<\/p>\n<p>De cualquier manera, el canciller \u201cmisi\u00f3n cumplida\u201d contin\u00faa tratando de apuntarse puntos a su favor y seg\u00fan \u00e9l, ya negocia vacunas en fase 3 para menores de edad. Si le sale como la primera misi\u00f3n que seg\u00fan \u00e9l cumpli\u00f3, pues no se ven muchas posibilidades.<\/p>\n<p>Est\u00e1 tambi\u00e9n, y no hay que perderlo de vista, el presidente de la Junta de Coordinaci\u00f3n del Senado de la Rep\u00fablica, <strong>Ricardo Monreal<\/strong>, quien desde la C\u00e1mara alta, tiene la responsabilidad de tejer fino para que no haya m\u00e1s enfrentamientos.<\/p>\n<p style=\"text-align: center;\"><strong>Municiones<\/strong><\/p>\n<p>*** A la alcaldesa de Naucalpan, <strong>Patricia Dur\u00e1n<\/strong>, ha dado muestras fehacientes de que no le gusta nadita la competencia. Para muestra est\u00e1 el \u201cbot\u00f3n\u201d de que apenas <strong>Juan Olivas<\/strong>, mostr\u00f3 su inter\u00e9s por ser precandidato de su partidazo y ya lo empez\u00f3 a bloquear. En febrero pasado, el empresario naucalpense, Olivas, anunci\u00f3 sus intenciones y luego, luego se registr\u00f3 para competir por la candidatura de Morena para el gobierno municipal 2021-2024, para lo cual contrat\u00f3 algunos anuncios espectaculares en la regi\u00f3n los cuales, seg\u00fan versiones del contrincante de Dur\u00e1n, \u201chan obligado a las empresas due\u00f1as de los espectaculares a retirar su publicidad debido a que existen amplias posibilidades de que ella pierda la candidatura frente a \u00e9l\u201d. La pregunta es: \u00bfser\u00e1 este el \u201cejercicio democr\u00e1tico\u201d de la alcaldesa contra cualquiera de sus competidores?<\/p>\n<p>*** <strong>Eduardo Hern\u00e1ndez Triana<\/strong>, director general de <strong>Corporaci\u00f3n Caliente<\/strong>, inform\u00f3 que\u00a0 se presentaron en el Hip\u00f3dromo de Agua Caliente, un grupo de 21 auditores del SAT con el objetivo de revisar la estancia legal de las m\u00e1quinas de juego y las finanzas de 26 empresas de dicha Corporaci\u00f3n. Como siempre, la empresa est\u00e1 abierta a los requerimientos de la autoridad federal; con la documentaci\u00f3n en regla tanto de equipos, m\u00e1quinas de juego y dem\u00e1s propiedades sujetas a revisi\u00f3n. Agreg\u00f3 Hern\u00e1ndez Triana, que Corporaci\u00f3n Caliente en todo momento atiende el llamado de las autoridades de los tres \u00f3rdenes de gobierno, \u201ctomando en cuenta que generamos 6 mil 537 empleos directos,\u00a0 por lo que ser\u00eda una irresponsabilidad no cumplir de manera cabal con cada una de las reglamentaciones que rigen a la industria del juego, ya que el sustento de m\u00e1s de 26 mil mexicanos dependen de nosotros\u201d. Asimismo, Record\u00f3 que Corporaci\u00f3n Caliente como siempre, est\u00e1 obligada a acatar toda la reglamentaci\u00f3n de la Secretar\u00eda de Gobernaci\u00f3n, del Servicio de Administraci\u00f3n Tributaria y de la Secretaria de Econom\u00eda, como entidades regulatorias del giro, ya que tan solo por concepto de impuestos eroga 2 mil 300 millones de pesos por a\u00f1o.<\/p>\n<p>*** Mala planeaci\u00f3n, errores y omisiones, el caso es que los oaxaque\u00f1os se quejan por la actitud ni m\u00e1s ni menos que de la delegada de la secretar\u00eda de Bienestar, <strong>Nancy Ortiz Cabrera<\/strong> que deton\u00f3 en un zafarrancho de morenistas contra morenistas por la falta de vacunas contra la Covid-19. Seg\u00fan se sabe, habr\u00eda sido el mun\u00edcipe morenista de Santa Luc\u00eda del Camino, -cercano a la capital oaxaque\u00f1a-, <strong>Dante Monta\u00f1o,<\/strong> quien habr\u00eda azuzado a una serie de movilizaciones con bloqueos y toma de camiones y transporte de pasajeros, mientras que la flamante delegada Ortiz Cabrera, que hace gala de cerraz\u00f3n y tiene p\u00e9sima fama en la entidad, lleg\u00f3 con escolta armada (\u00bfpues no que el pueblo bueno y sabio?), que no dudaron en utilizar sus pistolas para apuntar a los manifestantes y cancel\u00f3 la distribuci\u00f3n de vacunas. Todos, tanto en el estado como en el gobierno federal, hicieron o\u00eddos sordos ante esta cr\u00edtica situaci\u00f3n. Es m\u00e1s, se supone que la senadora <strong>Susana Harp<\/strong> es el enlace en el tema de la vacunaci\u00f3n con el estado y se nota que no tiene la m\u00e1s remota idea de la funci\u00f3n que debe cumplir.<\/p>\n<p><u><a href=\"mailto:morcora@gmail.com\" target=\"_blank\" rel=\"noopener noreferrer\"><em>morcora@gmail.com<\/em><\/a><\/u><\/p>\n","protected":false},"excerpt":{"rendered":"<p><span style=\"color: #005497;\"><strong>Adriana Moreno Cordero<\/strong><\/span><\/p>\n","protected":false},"author":3,"featured_media":0,"comment_status":"open","ping_status":"open","sticky":false,"template":"","format":"standard","meta":{"_monsterinsights_skip_tracking":false,"_monsterinsights_sitenote_active":false,"_monsterinsights_sitenote_note":"","_monsterinsights_sitenote_category":0,"footnotes":""},"categories":[69370],"tags":[69369,69368,43674],"class_list":["post-499527","post","type-post","status-publish","format-standard","hentry","category-adriana-moreno-cordero","tag-adriana-moreno-cordero","tag-la-retaguardia","tag-opinion"],"_links":{"self":[{"href":"https:\/\/www.diarioimagen.net\/index.php?rest_route=\/wp\/v2\/posts\/499527","targetHints":{"allow":["GET"]}}],"collection":[{"href":"https:\/\/www.diarioimagen.net\/index.php?rest_route=\/wp\/v2\/posts"}],"about":[{"href":"https:\/\/www.diarioimagen.net\/index.php?rest_route=\/wp\/v2\/types\/post"}],"author":[{"embeddable":true,"href":"https:\/\/www.diarioimagen.net\/index.php?rest_route=\/wp\/v2\/users\/3"}],"replies":[{"embeddable":true,"href":"https:\/\/www.diarioimagen.net\/index.php?rest_route=%2Fwp%2Fv2%2Fcomments&post=499527"}],"version-history":[{"count":0,"href":"https:\/\/www.diarioimagen.net\/index.php?rest_route=\/wp\/v2\/posts\/499527\/revisions"}],"wp:attachment":[{"href":"https:\/\/www.diarioimagen.net\/index.php?rest_route=%2Fwp%2Fv2%2Fmedia&parent=499527"}],"wp:term":[{"taxonomy":"category","embeddable":true,"href":"https:\/\/www.diarioimagen.net\/index.php?rest_route=%2Fwp%2Fv2%2Fcategories&post=499527"},{"taxonomy":"post_tag","embeddable":true,"href":"https:\/\/www.diarioimagen.net\/index.php?rest_route=%2Fwp%2Fv2%2Ftags&post=499527"}],"curies":[{"name":"wp","href":"https:\/\/api.w.org\/{rel}","templated":true}]}}