{"id":499707,"date":"2021-03-15T00:04:57","date_gmt":"2021-03-15T06:04:57","guid":{"rendered":"https:\/\/www.diarioimagen.net\/?p=499707"},"modified":"2021-03-15T01:39:45","modified_gmt":"2021-03-15T07:39:45","slug":"contra-el-narco-nada","status":"publish","type":"post","link":"https:\/\/www.diarioimagen.net\/?p=499707","title":{"rendered":"Contra el \u201cnarco\u201d, nada"},"content":{"rendered":"<h2>Perfil de M\u00e9xico<\/h2>\n<h5>Armando R\u00edos Ruiz<\/h5>\n<p>&nbsp;<\/p>\n<p>Leer las declaraciones del periodista y escritor Jorge Fern\u00e1ndez Men\u00e9ndez, sobre su nuevo libro <em>La Nueva Guerra: Del Chapo al Fentanilo<\/em>, revivi\u00f3 mi conocimiento de lo que ha sido el fen\u00f3meno del narcotr\u00e1fico, a partir de que Vicente Fox fue Presidente de M\u00e9xico y hasta la fecha.<\/p>\n<p>En algunas ocasiones publiqu\u00e9 en varios medios, que casi igual que hoy, el ex presidente se cruz\u00f3 de brazos frente al problema que no paraba de crecer, desde su aparici\u00f3n el siglo pasado. Los c\u00e1rteles de la droga, que eran muy pocos, se portaron bastante bien. Mejor que hoy. Por la sencilla raz\u00f3n de que no sufrieron persecuci\u00f3n. Se dedicaron, pues, a sus actividades conocidas y a crecer.<\/p>\n<p>Exist\u00eda un enorme respeto de \u00e9stos a la autoridad, a la que estaban estrechamente vinculados. Entregaban en los lugares en donde operaban, cantidades de dinero significativas a pol\u00edticos y a polic\u00edas. No hab\u00eda masacres indiscriminadas entre ellos. Si acaso, algunas de manera aislada.<\/p>\n<p>Los investigadores del gobierno pagaban por ser delegados de la Procuradur\u00eda General de la Rep\u00fablica en casi cualquier estado del pa\u00eds. Algunos, como los del sur y sureste ten\u00edan un precio de 150 mil d\u00f3lares, que luego aumentaron a 300 mil d\u00f3lares. Los del norte estaban cotizados en un mill\u00f3n y medio de d\u00f3lares y cuando aument\u00f3 el precio, costaban tres millones de billetes verdes, que pagaban sin mucha congoja.<\/p>\n<p>Esto ocurri\u00f3 cuando el panista Antonio Lozano Gracia arrib\u00f3 a la instituci\u00f3n.<\/p>\n<p>A la llegada de Felipe Calder\u00f3n a la primera magistratura, pregunt\u00f3 a parte de su gabinete: \u201cc\u00f3mo me legitimo\u201d. Ante su triunfo con dudas sobre un fraude electoral. Alguien le aconsej\u00f3: \u201chaga lo que Uribe en Colombia: contra el <em>narco<\/em> (\u00c1lvaro Uribe, presidente del pa\u00eds sudamericano).<\/p>\n<p>Inici\u00f3 su guerra contra los c\u00e1rteles, que apenas sumaban siete. No hab\u00eda una estrategia preconcebida. Un estudio elaborado por los militares conocedores del tema. Simplemente comenz\u00f3 la persecuci\u00f3n, que por cierto, las organizaciones criminales aceptaron con gusto, conocedores de que eran muchos m\u00e1s en n\u00famero que las fuerzas armadas y adem\u00e1s, dotados de mejor armamento.<\/p>\n<p>Calder\u00f3n, como todo mundo dice, sacudi\u00f3 el panal y alborot\u00f3 a las avispas, que por cierto dejaron de apoyar como anta\u00f1o a pol\u00edticos y a polic\u00edas. Se volvieron m\u00e1s selectivas en este rengl\u00f3n y adem\u00e1s inici\u00f3 la guerra entre ellas, por el reparto de territorios. Cuando Calder\u00f3n dej\u00f3 la silla presidencial, hab\u00eda 84 c\u00e1rteles que aumentaron su presencia en el territorio nacional.<\/p>\n<p>Con Enrique Pe\u00f1a Nieto hubo ciertas acciones en contra de esa delincuencia, sin pasar a mayores. Se habl\u00f3 incluso de que el gobierno participaba activamente con ella. No era ninguna sorpresa. El gobierno estaba descompuesto en corrupci\u00f3n por donde se le viera.<\/p>\n<p>A la llegada de la actual administraci\u00f3n, para sorpresa de los mexicanos que hab\u00edan escuchado durante much\u00edsimos a\u00f1os infinidad de cambios indiscutibles; entre otros, el fin de la llamada delincuencia organizada, volvi\u00f3 a cruzar los brazos, pero de manera insuperable. Lo de Fox fue un simple juego de ni\u00f1os, comparado con el presente. Se invent\u00f3 una excusa para de plano dejar de perseguirlos: \u201cabrazos, no balazos\u201d.<\/p>\n<p>La captura del \u201cChapito\u201d y su libertad inmediata, hizo entender a la ciudadan\u00eda que exist\u00eda una especie de trato amistoso. O tal vez no tan amistoso. Pero un trato. Los argumentos abundaron, como el que esgrimi\u00f3 el Presidente cuando dijo que \u00e9l hab\u00eda ordenado la libertad, para no exponer al vecindario.<\/p>\n<p>Lo cierto es que la t\u00e1ctica estuvo llena de fallas. Por principio de cuentas, se efectu\u00f3 en pleno d\u00eda, cuando todo mundo est\u00e1 en la calle, en lugar de hacer lo que siempre: caer de noche y por sorpresa, precisamente para evitar v\u00edctimas inocentes. Hab\u00eda ejemplos. Pero mentes obtusas no los tomaron en cuenta.<\/p>\n<p>El escritor Fern\u00e1ndez Men\u00e9ndez dice bien: el Presidente no tiene ninguna estrategia. Yo digo: parece no necesitarla.<\/p>\n<p><a href=\"mailto:ariosruiz@gmail.com\" target=\"_blank\" rel=\"noopener noreferrer\"><em>ariosruiz@gmail.com<\/em><\/a><\/p>\n","protected":false},"excerpt":{"rendered":"<p><span style=\"color: #005497;\"><strong>Armando R\u00edos Ruiz<\/strong><\/span><\/p>\n","protected":false},"author":3,"featured_media":0,"comment_status":"open","ping_status":"open","sticky":false,"template":"","format":"standard","meta":{"_monsterinsights_skip_tracking":false,"_monsterinsights_sitenote_active":false,"_monsterinsights_sitenote_note":"","_monsterinsights_sitenote_category":0,"footnotes":""},"categories":[88405],"tags":[88407,43674,91193],"class_list":["post-499707","post","type-post","status-publish","format-standard","hentry","category-armando-rios-ruiz","tag-armando-rios-ruiz","tag-opinion","tag-perfil-de-mexico"],"_links":{"self":[{"href":"https:\/\/www.diarioimagen.net\/index.php?rest_route=\/wp\/v2\/posts\/499707","targetHints":{"allow":["GET"]}}],"collection":[{"href":"https:\/\/www.diarioimagen.net\/index.php?rest_route=\/wp\/v2\/posts"}],"about":[{"href":"https:\/\/www.diarioimagen.net\/index.php?rest_route=\/wp\/v2\/types\/post"}],"author":[{"embeddable":true,"href":"https:\/\/www.diarioimagen.net\/index.php?rest_route=\/wp\/v2\/users\/3"}],"replies":[{"embeddable":true,"href":"https:\/\/www.diarioimagen.net\/index.php?rest_route=%2Fwp%2Fv2%2Fcomments&post=499707"}],"version-history":[{"count":0,"href":"https:\/\/www.diarioimagen.net\/index.php?rest_route=\/wp\/v2\/posts\/499707\/revisions"}],"wp:attachment":[{"href":"https:\/\/www.diarioimagen.net\/index.php?rest_route=%2Fwp%2Fv2%2Fmedia&parent=499707"}],"wp:term":[{"taxonomy":"category","embeddable":true,"href":"https:\/\/www.diarioimagen.net\/index.php?rest_route=%2Fwp%2Fv2%2Fcategories&post=499707"},{"taxonomy":"post_tag","embeddable":true,"href":"https:\/\/www.diarioimagen.net\/index.php?rest_route=%2Fwp%2Fv2%2Ftags&post=499707"}],"curies":[{"name":"wp","href":"https:\/\/api.w.org\/{rel}","templated":true}]}}