{"id":499725,"date":"2021-03-15T00:03:00","date_gmt":"2021-03-15T06:03:00","guid":{"rendered":"https:\/\/www.diarioimagen.net\/?p=499725"},"modified":"2021-03-15T01:47:51","modified_gmt":"2021-03-15T07:47:51","slug":"amlo-contra-la-suprema-corte","status":"publish","type":"post","link":"https:\/\/www.diarioimagen.net\/?p=499725","title":{"rendered":"AMLO, contra la Suprema Corte"},"content":{"rendered":"<h2>Espacio Electoral<\/h2>\n<h5>Eleazar Flores<\/h5>\n<p>&nbsp;<\/p>\n<p><strong>SEGUIR\u00c1 ATACANDO-.<\/strong> Tan pronto supo que un juez hab\u00eda concedido un amparo temporal en contra de la iniciativa presidencial preferente para reformar la ley energ\u00e9tica que debilita al sector privado y fortalece a la CFE, el padre de la Cuarta Transformaci\u00f3n saca la espada ma\u00f1anera y\u2026<\/p>\n<p>Propone que se investigue a quienes se oponen a su proyecto para ver de qu\u00e9 se trata, por lo que el juez Juan Pablo G\u00f3mez Fierro est\u00e1 en el ojo del hurac\u00e1n.<\/p>\n<p>El susodicho juez Segundo de Distrito en Materia Administrativa es quien concede el amparo provisional, haci\u00e9ndolo extensivo a todos los procedimientos solicitados en el mismo sentido, por lo que se habla de cuando menos paralizar una decena de asuntos en la materia.<\/p>\n<p>Desde el p\u00falpito ma\u00f1anero, el presidente \u00a9 Desde esa misma tribuna, pidi\u00f3 al presidente de la Suprema Corte de Justicia de la Naci\u00f3n \u201cinvestigar\u201d a esos jueces que con sus decisiones parecen estar actuando como \u201cempleados\u201d del sector privado y no cuidando los intereses de la naci\u00f3n. Seguro tendr\u00e1 \u201cotros datos\u201d para apoyar sus dichos.<\/p>\n<p><strong>RESPONDE SCJN-.<\/strong> En puntual seguimiento a la suspensi\u00f3n del jueves y el enojo-queja del padre de la Cuarta Transformaci\u00f3n el viernes, el s\u00e1bado respondi\u00f3 raudo el presidente\u00a0 de la Suprema Corte de Justicia de la Naci\u00f3n, Arturo Zald\u00edvar, para no quedarse con el golpe del tabasque\u00f1o diciendo.<\/p>\n<p>\u201cLos jueces federales act\u00faan con independencia y autonom\u00eda, el Consejo de la Judicatura Federal garantiza que puedan ejercer su funci\u00f3n con absoluta libertad\u201d, reitera el presidente de la Suprema Corte de Justicia, con lo que da un respaldo evidente al juez Juan Pablo G\u00f3mez Fierro.<\/p>\n<p><strong>COLEGIOS Y BARRAS-.<\/strong> Por si fuera poco, miembros y directivos de la Barra de Abogados de M\u00e9xico, Colegios de Abogados, el Consejo General de Abogados de M\u00e9xico integrantes de la Academia Nacional del ramo, no s\u00f3lo respaldan al Poder Judicial, tambi\u00e9n hacen un llamado al Ejecutivo federal a respetarlo.<\/p>\n<p><strong>\u00bfQU\u00c9 PASAR\u00c1?-.<\/strong> Ordenar suspender las reformas a la ley el\u00e9ctrica as\u00ed se tenga que enfrentar al gobierno no es cosa menor, ahora s\u00f3lo falta ver el tama\u00f1o de la fortaleza del Poder Judicial, cuyo presidente, Arturo Zald\u00edvar, en otras ocasiones ha causado incertidumbre cuando menos, en cuanto a su actuar.<\/p>\n<p>No vaya a resultar que habr\u00e1 declinaci\u00f3n ante el padre de la Cuarta Transformaci\u00f3n, como ha sucedido con algunos integrantes del Tribunal Electora, de abierta simpat\u00eda pejista en cuatro de siete de ellos.<\/p>\n<p><em><a href=\"mailto:elefa44@gmail.com\" target=\"_blank\" rel=\"noopener noreferrer\">elefa44@gmail.com<\/a><\/em><\/p>\n","protected":false},"excerpt":{"rendered":"<p><span style=\"color: #005497;\"><strong>Eleazar Flores<\/strong><\/span><\/p>\n","protected":false},"author":3,"featured_media":0,"comment_status":"open","ping_status":"open","sticky":false,"template":"","format":"standard","meta":{"_monsterinsights_skip_tracking":false,"_monsterinsights_sitenote_active":false,"_monsterinsights_sitenote_note":"","_monsterinsights_sitenote_category":0,"footnotes":""},"categories":[81743],"tags":[81744,81776,43674],"class_list":["post-499725","post","type-post","status-publish","format-standard","hentry","category-eleazar-flores","tag-eleazar-flores","tag-espacio-electoral","tag-opinion"],"_links":{"self":[{"href":"https:\/\/www.diarioimagen.net\/index.php?rest_route=\/wp\/v2\/posts\/499725","targetHints":{"allow":["GET"]}}],"collection":[{"href":"https:\/\/www.diarioimagen.net\/index.php?rest_route=\/wp\/v2\/posts"}],"about":[{"href":"https:\/\/www.diarioimagen.net\/index.php?rest_route=\/wp\/v2\/types\/post"}],"author":[{"embeddable":true,"href":"https:\/\/www.diarioimagen.net\/index.php?rest_route=\/wp\/v2\/users\/3"}],"replies":[{"embeddable":true,"href":"https:\/\/www.diarioimagen.net\/index.php?rest_route=%2Fwp%2Fv2%2Fcomments&post=499725"}],"version-history":[{"count":0,"href":"https:\/\/www.diarioimagen.net\/index.php?rest_route=\/wp\/v2\/posts\/499725\/revisions"}],"wp:attachment":[{"href":"https:\/\/www.diarioimagen.net\/index.php?rest_route=%2Fwp%2Fv2%2Fmedia&parent=499725"}],"wp:term":[{"taxonomy":"category","embeddable":true,"href":"https:\/\/www.diarioimagen.net\/index.php?rest_route=%2Fwp%2Fv2%2Fcategories&post=499725"},{"taxonomy":"post_tag","embeddable":true,"href":"https:\/\/www.diarioimagen.net\/index.php?rest_route=%2Fwp%2Fv2%2Ftags&post=499725"}],"curies":[{"name":"wp","href":"https:\/\/api.w.org\/{rel}","templated":true}]}}