{"id":499824,"date":"2021-03-16T00:06:14","date_gmt":"2021-03-16T06:06:14","guid":{"rendered":"https:\/\/www.diarioimagen.net\/?p=499824"},"modified":"2021-03-16T04:33:25","modified_gmt":"2021-03-16T10:33:25","slug":"de-2017-a-2021-uaem-incluyo-casi-10-mil-alumnos-mas","status":"publish","type":"post","link":"https:\/\/www.diarioimagen.net\/?p=499824","title":{"rendered":"De 2017 a 2021, UAEM incluy\u00f3 casi 10 mil alumnos m\u00e1s"},"content":{"rendered":"<p><em>\u00a0<\/em><\/p>\n<ul>\n<li><strong><em>El rector Alfredo Barrera Baca destac\u00f3 que en los \u00faltimos a\u00f1os, en rankings internacionales de universidades como Quacquarelli Symonds y Times Higher Education, la UAEM se ha mantenido dentro de las listas de las mejores instituciones de educaci\u00f3n superior en Am\u00e9rica Latina<\/em><\/strong><\/li>\n<\/ul>\n<p>&nbsp;<\/p>\n<div id=\"attachment_499929\" style=\"width: 470px\" class=\"wp-caption aligncenter\"><a href=\"https:\/\/www.diarioimagen.net\/?attachment_id=499929\" rel=\"attachment wp-att-499929\"><img loading=\"lazy\" decoding=\"async\" aria-describedby=\"caption-attachment-499929\" class=\"size-full wp-image-499929\" src=\"https:\/\/www.diarioimagen.net\/wp-content\/uploads\/2021\/03\/UaemRector1.jpg\" alt=\"\" width=\"460\" height=\"270\" \/><\/a><p id=\"caption-attachment-499929\" class=\"wp-caption-text\">Alfredo Barrera Baca, rector de la UAEM, asever\u00f3 que se logr\u00f3 un incremento de casi 10 mil estudiantes de nuevo ingreso que se suman a una matr\u00edcula total de 91 mil alumnos.<\/p><\/div>\n<p>&nbsp;<\/p>\n<p><strong>Toluca, Estado de M\u00e9xico.\u2013 <\/strong>Durante elperiodo 2017-2021, la Universidad Aut\u00f3noma del Estado de M\u00e9xico logr\u00f3 un incremento de casi 10 mil estudiantes de nuevo ingreso que se suman a una matr\u00edcula total de 91 mil alumnos que estudian en m\u00e1s de 50 espacios educativos de esta Casa de Estudios, asever\u00f3 el rector Alfredo Barrera Baca.<\/p>\n<p>Asimismo, en el mismo periodo, fueron edificadas dos nuevas escuelas: el d\u00e9cimo Plantel de la Escuela Preparatoria en el municipio de Almoloya de Alquisiras y la Unidad Acad\u00e9mica Profesional Tlalnepantla que inici\u00f3 operaciones este a\u00f1o, indic\u00f3 el rector de la UAEM,<\/p>\n<p>Con una oferta acad\u00e9mica que se compone de 277 programas educativos, la Aut\u00f3noma mexiquense construy\u00f3 durante los \u00faltimos cuatro a\u00f1os m\u00e1s aulas, auditorios, laboratorios, talleres, salas de c\u00f3mputo, \u00e1reas servicio de asesor\u00eda y tutor\u00eda, as\u00ed como gimnasios, \u00e1reas deportivas y cafeter\u00edas en casi 20 espacios universitarios ubicados en 16 municipios mexiquenses, inform\u00f3 Alfredo Barrera.<\/p>\n<p>El rector de la m\u00e1xima casa de estudios mexiquense enfatiz\u00f3 que con el firme prop\u00f3sito de abatir el abandono escolar, se pusieron en pr\u00e1ctica programas m\u00e1s efectivos de capacitaci\u00f3n docente, tutor\u00eda acad\u00e9mica, orientaci\u00f3n educativa y asesor\u00eda disciplinaria, t\u00e1cticas pedag\u00f3gicas que, en su conjunto, ayudaron a disminuir el \u00edndice de deserci\u00f3n estudiantil.<\/p>\n<p>Alfredo Barrera destac\u00f3 que en los \u00faltimos a\u00f1os, en rankings internacionales de universidades como Quacquarelli Symonds y Times Higher Education, la UAEM se ha mantenido dentro de las listas de las mejores instituciones de educaci\u00f3n superior en Am\u00e9rica Latina.<\/p>\n<p>En dicha regi\u00f3n, dijo, la Aut\u00f3noma mexiquense\u00a0 se ha consolidado dentro de las 70 instituciones de educaci\u00f3n superior con mayor prestigio acad\u00e9mico y en cuanto a las universidades mexicanas, se encuentra dentro de las 10 mejores de la naci\u00f3n, incluyendo p\u00fablicas y privadas y entre las universidades p\u00fablicas estatales, aparece dentro de las tres con mayor prestigio.<\/p>\n","protected":false},"excerpt":{"rendered":"<p>Durante el periodo 2017-2021, la Universidad Aut\u00f3noma del Estado de M\u00e9xico logr\u00f3 un incremento de casi 10 mil estudiantes de nuevo ingreso que se suman a una matr\u00edcula total de 91 mil alumnos que estudian en m\u00e1s de 50 espacios educativos de esta Casa de Estudios, asever\u00f3 el rector Alfredo Barrera Baca.<\/p>\n","protected":false},"author":3,"featured_media":499929,"comment_status":"open","ping_status":"open","sticky":false,"template":"","format":"standard","meta":{"_monsterinsights_skip_tracking":false,"_monsterinsights_sitenote_active":false,"_monsterinsights_sitenote_note":"","_monsterinsights_sitenote_category":0,"footnotes":""},"categories":[5],"tags":[58572,43675,452,1491],"class_list":["post-499824","post","type-post","status-publish","format-standard","has-post-thumbnail","hentry","category-estado-de-mexico","tag-alfredo-barrera-baca","tag-estado-de-mexico","tag-toluca","tag-uaem"],"_links":{"self":[{"href":"https:\/\/www.diarioimagen.net\/index.php?rest_route=\/wp\/v2\/posts\/499824","targetHints":{"allow":["GET"]}}],"collection":[{"href":"https:\/\/www.diarioimagen.net\/index.php?rest_route=\/wp\/v2\/posts"}],"about":[{"href":"https:\/\/www.diarioimagen.net\/index.php?rest_route=\/wp\/v2\/types\/post"}],"author":[{"embeddable":true,"href":"https:\/\/www.diarioimagen.net\/index.php?rest_route=\/wp\/v2\/users\/3"}],"replies":[{"embeddable":true,"href":"https:\/\/www.diarioimagen.net\/index.php?rest_route=%2Fwp%2Fv2%2Fcomments&post=499824"}],"version-history":[{"count":0,"href":"https:\/\/www.diarioimagen.net\/index.php?rest_route=\/wp\/v2\/posts\/499824\/revisions"}],"wp:featuredmedia":[{"embeddable":true,"href":"https:\/\/www.diarioimagen.net\/index.php?rest_route=\/wp\/v2\/media\/499929"}],"wp:attachment":[{"href":"https:\/\/www.diarioimagen.net\/index.php?rest_route=%2Fwp%2Fv2%2Fmedia&parent=499824"}],"wp:term":[{"taxonomy":"category","embeddable":true,"href":"https:\/\/www.diarioimagen.net\/index.php?rest_route=%2Fwp%2Fv2%2Fcategories&post=499824"},{"taxonomy":"post_tag","embeddable":true,"href":"https:\/\/www.diarioimagen.net\/index.php?rest_route=%2Fwp%2Fv2%2Ftags&post=499824"}],"curies":[{"name":"wp","href":"https:\/\/api.w.org\/{rel}","templated":true}]}}