{"id":499831,"date":"2021-03-16T00:01:20","date_gmt":"2021-03-16T06:01:20","guid":{"rendered":"https:\/\/www.diarioimagen.net\/?p=499831"},"modified":"2021-03-16T05:05:20","modified_gmt":"2021-03-16T11:05:20","slug":"iniciara-este-miercoles-la-vacunacion-contra-covid-en-venustiano-carranza","status":"publish","type":"post","link":"https:\/\/www.diarioimagen.net\/?p=499831","title":{"rendered":"Iniciar\u00e1 este mi\u00e9rcoles la vacunaci\u00f3n contra Covid en Venustiano Carranza"},"content":{"rendered":"<p>&nbsp;<\/p>\n<h3 style=\"text-align: center;\">Utilizar\u00e1n dosis de la Sinovac<\/h3>\n<p>&nbsp;<\/p>\n<div id=\"attachment_499951\" style=\"width: 470px\" class=\"wp-caption aligncenter\"><a href=\"https:\/\/www.diarioimagen.net\/?attachment_id=499951\" rel=\"attachment wp-att-499951\"><img loading=\"lazy\" decoding=\"async\" aria-describedby=\"caption-attachment-499951\" class=\"size-full wp-image-499951\" src=\"https:\/\/www.diarioimagen.net\/wp-content\/uploads\/2021\/03\/VACUNACION-CDMX.jpg\" alt=\"\" width=\"460\" height=\"270\" \/><\/a><p id=\"caption-attachment-499951\" class=\"wp-caption-text\">Iniciar\u00e1 este mi\u00e9rcoles la vacunaci\u00f3n contra Covid-19 a adultos mayores en la alcald\u00eda Venustiano Carranza.<\/p><\/div>\n<p>&nbsp;<\/p>\n<p>Este mi\u00e9rcoles comenzar\u00e1 la vacunaci\u00f3n contra Covid-19 a adultos mayores en la alcald\u00eda Venustiano Carranza, de la Ciudad de M\u00e9xico, donde se prev\u00e9 inocular a 91 mil 241 abuelitos, inform\u00f3 el gobierno capitalino.<\/p>\n<p>\u201cA partir del mi\u00e9rcoles en el caso de Venustiano Carranza son dos sedes y ser\u00e1 por apellido y esperen a recibir el d\u00eda de hoy su SMS para decirles cuando es su cita, y en Tl\u00e1huac, Xochimilco e Iztacalco inicia la segunda dosis de la vacuna Sputnik que ya recibieron porque en el caso de AstraZeneca es m\u00e1s tiempo lo que se debe esperar de acuerdo con las indicaciones\u201d, explic\u00f3 la jefa de Gobierno, Claudia Sheinbaum.<\/p>\n<p>La inmunizaci\u00f3n con el biol\u00f3gico Sinovac ser\u00e1 del 17 al 23 de marzo, en dos macro unidades vacunadoras: una en las antiguas instalaciones de la Primera Regi\u00f3n Militar, colonia Aviaci\u00f3n Civil; y en el Internado no.17 de la Secretar\u00eda de Educaci\u00f3n P\u00fablica.<\/p>\n<p>Por su parte, el director de Prestaciones M\u00e9dicas del Instituto Mexicano del Seguro Social, V\u00edctor Hugo Borja Aburto, explic\u00f3 que la vacuna tiene una eficacia del 92% y anunci\u00f3 que se instalar\u00e1n dos Macro Unidades Vacunadoras en la demarcaci\u00f3n ubicadas en las Antiguas Instalaciones de la Primera Regi\u00f3n Militar y el Internado N\u00b0 17 de la Secretar\u00eda de Educaci\u00f3n P\u00fablica (SEP), los cuales tendr\u00e1 un horario de 9:00 a 16:00 horas.<\/p>\n<p>En la alcald\u00eda Venustiano Carranza, la aplicaci\u00f3n de la vacuna contra Covid-19 se efectuar\u00e1 mediante una cita (previo registro en https:\/\/mivacuna.salud.gob.mx o en Locatel 55-5658-1111) y se asignar\u00e1 en un mensaje de texto SMS el nombre, sede, d\u00eda y hora de inoculaci\u00f3n conforme a la letra inicial del primer apellido<\/p>\n<p>En este proceso habr\u00e1 54 c\u00e9lulas de vacunaci\u00f3n por sede, con capacidad de 8 mil 640 vacunas diarias en un horario de 09:00 a 16:00 horas. Cada adulto mayor registrado tendr\u00e1 asignada una unidad vacunadora, un d\u00eda y hora de cita de vacunaci\u00f3n.<\/p>\n<p>El calendario de vacunaci\u00f3n ser\u00e1 conforme a la primera letra del primer apellido.<\/p>\n<p>\u00ac\u00a0 A, B el 17 marzo.<br \/>\n\u00ac\u00a0 C, D, E\u00a0 el 18 de marzo.<br \/>\n\u00ac\u00a0 F, G el 19 de marzo.<br \/>\n\u00ac\u00a0 H, I, J, K, L el 20 de marzo.<br \/>\n\u00ac\u00a0 M, \u00d1, O el 21 de marzo.<br \/>\n\u00ac\u00a0 P, Q, R el 22 de marzo.<br \/>\n\u00ac\u00a0 S, T, U, V, W, X, Y, Z y rezagados el 23 de marzo.<\/p>\n<p>Como parte del Programa Nacional de Vacunaci\u00f3n, a partir del mi\u00e9rcoles, se colocar\u00e1 la segunda dosis de la vacuna Sputnik V en las alcald\u00edas Iztacalco, Tl\u00e1huac y Xochimilco, en donde alrededor de 176 mil 110 adultos mayores recibir\u00e1n el biol\u00f3gico.<\/p>\n","protected":false},"excerpt":{"rendered":"<p>Este mi\u00e9rcoles comenzar\u00e1 la vacunaci\u00f3n contra Covid-19 a adultos mayores en la alcald\u00eda Venustiano Carranza, de la Ciudad de M\u00e9xico, donde se prev\u00e9 inocular a 91 mil 241 abuelitos, inform\u00f3 el gobierno capitalino.<\/p>\n","protected":false},"author":3,"featured_media":499951,"comment_status":"open","ping_status":"open","sticky":false,"template":"","format":"standard","meta":{"_monsterinsights_skip_tracking":false,"_monsterinsights_sitenote_active":false,"_monsterinsights_sitenote_note":"","_monsterinsights_sitenote_category":0,"footnotes":""},"categories":[6],"tags":[15930,92420,2643,1950],"class_list":["post-499831","post","type-post","status-publish","format-standard","has-post-thumbnail","hentry","category-cd-de-mexico","tag-adultos-mayores","tag-sinovac","tag-vacunacion","tag-venustiano-carranza"],"_links":{"self":[{"href":"https:\/\/www.diarioimagen.net\/index.php?rest_route=\/wp\/v2\/posts\/499831","targetHints":{"allow":["GET"]}}],"collection":[{"href":"https:\/\/www.diarioimagen.net\/index.php?rest_route=\/wp\/v2\/posts"}],"about":[{"href":"https:\/\/www.diarioimagen.net\/index.php?rest_route=\/wp\/v2\/types\/post"}],"author":[{"embeddable":true,"href":"https:\/\/www.diarioimagen.net\/index.php?rest_route=\/wp\/v2\/users\/3"}],"replies":[{"embeddable":true,"href":"https:\/\/www.diarioimagen.net\/index.php?rest_route=%2Fwp%2Fv2%2Fcomments&post=499831"}],"version-history":[{"count":0,"href":"https:\/\/www.diarioimagen.net\/index.php?rest_route=\/wp\/v2\/posts\/499831\/revisions"}],"wp:featuredmedia":[{"embeddable":true,"href":"https:\/\/www.diarioimagen.net\/index.php?rest_route=\/wp\/v2\/media\/499951"}],"wp:attachment":[{"href":"https:\/\/www.diarioimagen.net\/index.php?rest_route=%2Fwp%2Fv2%2Fmedia&parent=499831"}],"wp:term":[{"taxonomy":"category","embeddable":true,"href":"https:\/\/www.diarioimagen.net\/index.php?rest_route=%2Fwp%2Fv2%2Fcategories&post=499831"},{"taxonomy":"post_tag","embeddable":true,"href":"https:\/\/www.diarioimagen.net\/index.php?rest_route=%2Fwp%2Fv2%2Ftags&post=499831"}],"curies":[{"name":"wp","href":"https:\/\/api.w.org\/{rel}","templated":true}]}}