{"id":499833,"date":"2021-03-16T00:02:34","date_gmt":"2021-03-16T06:02:34","guid":{"rendered":"https:\/\/www.diarioimagen.net\/?p=499833"},"modified":"2021-03-16T04:03:27","modified_gmt":"2021-03-16T10:03:27","slug":"urge-que-la-ciudad-de-mexico-tenga-uso-de-suelo-mixto-mucio-israel-hernandez","status":"publish","type":"post","link":"https:\/\/www.diarioimagen.net\/?p=499833","title":{"rendered":"Urge que la Ciudad de M\u00e9xico tenga uso de suelo mixto: Mucio Israel Hern\u00e1ndez"},"content":{"rendered":"<p>&nbsp;<\/p>\n<h3 style=\"text-align: center;\">Precandidato por Morena al Congreso de la CDMX por el Distrito 5<\/h3>\n<p>&nbsp;<\/p>\n<ul>\n<li><strong><em>Otro de los puntos urgentes en la agenda del aspirante morenista es el derecho a la salud<\/em><\/strong><\/li>\n<\/ul>\n<p>&nbsp;<\/p>\n<div id=\"attachment_499919\" style=\"width: 470px\" class=\"wp-caption aligncenter\"><a href=\"https:\/\/www.diarioimagen.net\/?attachment_id=499919\" rel=\"attachment wp-att-499919\"><img loading=\"lazy\" decoding=\"async\" aria-describedby=\"caption-attachment-499919\" class=\"size-full wp-image-499919\" src=\"https:\/\/www.diarioimagen.net\/wp-content\/uploads\/2021\/03\/diputado.jpg\" alt=\"\" width=\"460\" height=\"230\" \/><\/a><p id=\"caption-attachment-499919\" class=\"wp-caption-text\">A lo largo de su trayectoria profesional Mucio Israel Hern\u00e1ndez Guerrero ha demostrado su capacidad y tenacidad a favor de la poblaci\u00f3n como cuando fue comisionado presidente del Instituto de Transparencia, Acceso a la Informaci\u00f3n P\u00fablica, Protecci\u00f3n de Datos Personales y Rendici\u00f3n de Cuentas de la Ciudad de M\u00e9xico.<\/p><\/div>\n<p>&nbsp;<\/p>\n<p>La crisis que ha ocasionado la pandemia por Covid-19 no s\u00f3lo ha sido de salud, sino econ\u00f3mica, de desarrollo y dem\u00e1s temas que afectan a la sociedad. Es por ello, que en M\u00e9xico, los representantes populares deben estar al servicio de la ciudadan\u00eda, ya que la mayor\u00eda de la poblaci\u00f3n ha perdido su empleo y en casos m\u00e1s extremos ha perdido a sus seres queridos, hoy las instituciones tienen que ayudar b\u00e1sicamente a reactivar la econom\u00eda y desde el Congreso se puede crear un mecanismo que genere la posibilidad que los emprendedores tengan uso de suelo mixto.<\/p>\n<p>No se ha acabado de concretar todo lo que tiene que ver con la reforma al desarrollo urbano y el ordenamiento territorial que mandata la Constituci\u00f3n, es decir, hoy en la Ciudad de M\u00e9xico funcionamos b\u00e1sicamente con programas de desarrollo urbano de los a\u00f1os 1997, 2011, 2013 y algunos de 2017.<\/p>\n<p>Hay que ordenar a la Ciudad de M\u00e9xico urbanamente y eso implica generar un nuevo programa de ordenamiento territorial y desarrollo urbano en donde se permita el uso de suelo mixto para que si la gente quiere poner un peque\u00f1o negocio o una oficina en su casa y salir a vender, lo pueda hacer\u201d, as\u00ed lo se\u00f1ala Mucio Israel Hern\u00e1ndez Guerrero, quien contiende por el Distrito local 5, que abarca las alcald\u00edas de Miguel Hidalgo y Azcapotzalco, en la Ciudad de M\u00e9xico, por el partido\u00a0Morena (Movimiento Regeneraci\u00f3n Nacional).<\/p>\n<p style=\"text-align: center;\"><strong>Derecho a la salud<\/strong><\/p>\n<p>Otro de los puntos urgentes en la agenda del precandidato morenista es el derecho a la salud: \u201cNecesitamos que todos los presupuestos y los recursos mayores en temas de salud se pongan a disposici\u00f3n de las personas. Actualmente vemos que derivado del coronavirus, la gente necesita ox\u00edgeno, necesita medicamentos, por ello las instituciones gubernamentales de la Ciudad de M\u00e9xico deben ayudar a que la ciudadan\u00eda cuente con los medicamentos para tener un tratamiento desde el primer momento que tiene un s\u00edntoma y a partir de eso, generar un mecanismo en donde no perdamos m\u00e1s vidas\u201d, dice en entrevista con <strong>DIARIOIMAGEN, <\/strong>el precandidato morenista al Distrito 5 de la CDMX, Mucio Israel Hern\u00e1ndez Guerrero, quien subraya la necesidad de crear un nuevo mecanismo de relaci\u00f3n entre las instituciones y la poblaci\u00f3n.<\/p>\n<p>\u201cLa Constituci\u00f3n Pol\u00edtica de la Ciudad de M\u00e9xico es una de las m\u00e1s avanzadas en Am\u00e9rica Latina, est\u00e1 articulada b\u00e1sicamente a trav\u00e9s de derechos y no de garant\u00edas, por lo que tenemos una deuda con la sociedad de que en los pr\u00f3ximos tres a\u00f1os acabar de construir un sistema de bienestar integral para la CDMX y esa es una parte importante que necesitamos hacer en el Congreso y es el motivo por el cual estoy intentando ser representante popular, ya que la pandemia me ha dejado la necesidad de generar una serie de coordinaci\u00f3n, que ayude y en un momento complicado, dif\u00edcil de transici\u00f3n, no solamente para la capital mexicana y el pa\u00eds, sino para el mundo entero, por ello he decidido ir en el proceso interno de selecci\u00f3n de representantes populares\u201d, dice muy convincente el precandidato morenista por el Distrito local 5, de la Ciudad de M\u00e9xico.<\/p>\n<p>Hern\u00e1ndez Guerrero, quien fue comisionado presidente del Instituto de Transparencia, Acceso a la Informaci\u00f3n P\u00fablica, Protecci\u00f3n de Datos Personales y Rendici\u00f3n de Cuentas de la Ciudad de M\u00e9xico, tiene estudios en sociolog\u00eda y filosof\u00eda, hizo un m\u00e1ster en urbanismo, adem\u00e1s, tiene maestr\u00eda en estudios culturales y comunicaci\u00f3n, tambi\u00e9n es doctor en estudios interdisciplinarios en complejidad y estudios interdisciplinarios con enfoque de semi\u00f3tica; se profesionaliz\u00f3 en tema de protecci\u00f3n de datos personales y tecnolog\u00eda cuando estuvo como director del InfoDF.<\/p>\n<p>Mucio Israel Hern\u00e1ndez, quien es experto en mecanismos de anticorrupci\u00f3n y rendici\u00f3n de cuentas de participaci\u00f3n ciudadana y transparencia, afirma que los representantes populares deben tener mecanismos muy claros, no solamente de conversaci\u00f3n y di\u00e1logo con sus electores, sino con todo el mundo, \u201cla sociedad debe exigir a sus representantes una rendici\u00f3n de cuentas permanente. Hay que reivindicar la funci\u00f3n pol\u00edtica de la representaci\u00f3n popular porque la confianza se gana de manera cotidiana, necesitamos que la representaci\u00f3n popular sea un instrumento, al menos para empezar a resolver los problemas antiqu\u00edsimo y acumulados que tenemos en muchas zonas de la Ciudad de M\u00e9xico\u201d, afirma el precandidato por Morena al Congreso de la CDMX por el Distrito 5.<\/p>\n<p style=\"text-align: center;\"><strong>Proceso de transformaci\u00f3n profundo<\/strong><\/p>\n<p><strong><em>\u2014\u00bfPor qu\u00e9 le atraen los colores de Morena (Movimiento Regeneraci\u00f3n Nacional)?<\/em><\/strong><\/p>\n<p>El partido pol\u00edtico de Morena tiene una caracter\u00edstica especial que ha iniciado un proceso de transformaci\u00f3n profundo para que las instituciones est\u00e9n al servicio de las personas. Morena tiene muy claro generar un nuevo dise\u00f1o para que las instituciones sirvan a la ciudadan\u00eda y no sean instituciones que simplemente se conviertan en una burocracia.<\/p>\n<p>Antes de que Morena fuera partido pol\u00edtico, form\u00e9 parte del Consejo Consultivo.<\/p>\n<p><strong><em>\u2014Al ser residente de Azcapotzalco, conoce a fondo las necesidades del Distrito 5?<\/em><\/strong><\/p>\n<p>Claro. Hay colonias que se nos est\u00e1n envejeciendo demogr\u00e1fica y urbanamente, necesitamos hacer un plan espec\u00edfico de recuperaci\u00f3n y rehabilitaci\u00f3n urbana de la zona. Azcapotzalco y Miguel Hidalgo es un distrito de mucho potencial. Necesitamos darle certeza a toda la zona comercial que es muy fuerte, urge trabajar en el desarrollo urbano, salud, educaci\u00f3n, econom\u00eda, seguridad, cultura, transporte, ecolog\u00eda, etc\u00e9tera\u2026<\/p>\n<p><strong><em>\u2014\u00bfC\u00f3mo lograr que la ciudadan\u00eda conf\u00ede en usted en lo que ser\u00eda su primer cargo de representaci\u00f3n popular?<\/em><\/strong><\/p>\n<p>Dignificando la pol\u00edtica al poner a las personas en el centro de todo lo que hacen las instituciones. Mi compromiso est\u00e1 a favor de la ciudadan\u00eda, hacer cosas nuevas y distintas en t\u00e9rminos pol\u00edticos, desde ni\u00f1o me ha gustado servir a los dem\u00e1s, concluy\u00f3.<\/p>\n<p>Es as\u00ed como Mucio Israel Hern\u00e1ndez Guerrero contiende por la candidatura de Morena al Congreso por el Distrito 5 de la Ciudad de M\u00e9xico, quien a lo largo de su trayectoria profesional ha demostrado su capacidad y tenacidad a favor de la poblaci\u00f3n.<\/p>\n","protected":false},"excerpt":{"rendered":"<p>La crisis que ha ocasionado la pandemia por Covid-19 no s\u00f3lo ha sido de salud, sino econ\u00f3mica, de desarrollo y dem\u00e1s temas que afectan a la sociedad. Es por ello, que en M\u00e9xico, los representantes populares deben estar al servicio de la ciudadan\u00eda, ya que la mayor\u00eda de la poblaci\u00f3n ha perdido su empleo y en casos m\u00e1s extremos ha perdido a sus seres queridos, hoy las instituciones tienen que ayudar b\u00e1sicamente a reactivar la econom\u00eda y desde el Congreso se puede crear un mecanismo que genere la posibilidad que los emprendedores tengan uso de suelo mixto.<\/p>\n","protected":false},"author":3,"featured_media":499921,"comment_status":"open","ping_status":"open","sticky":false,"template":"","format":"standard","meta":{"_monsterinsights_skip_tracking":false,"_monsterinsights_sitenote_active":false,"_monsterinsights_sitenote_note":"","_monsterinsights_sitenote_category":0,"footnotes":""},"categories":[6],"tags":[92568,20663,92567,16825],"class_list":["post-499833","post","type-post","status-publish","format-standard","has-post-thumbnail","hentry","category-cd-de-mexico","tag-distrito","tag-morena","tag-mucio-israel-hernandez","tag-precandidato"],"_links":{"self":[{"href":"https:\/\/www.diarioimagen.net\/index.php?rest_route=\/wp\/v2\/posts\/499833","targetHints":{"allow":["GET"]}}],"collection":[{"href":"https:\/\/www.diarioimagen.net\/index.php?rest_route=\/wp\/v2\/posts"}],"about":[{"href":"https:\/\/www.diarioimagen.net\/index.php?rest_route=\/wp\/v2\/types\/post"}],"author":[{"embeddable":true,"href":"https:\/\/www.diarioimagen.net\/index.php?rest_route=\/wp\/v2\/users\/3"}],"replies":[{"embeddable":true,"href":"https:\/\/www.diarioimagen.net\/index.php?rest_route=%2Fwp%2Fv2%2Fcomments&post=499833"}],"version-history":[{"count":0,"href":"https:\/\/www.diarioimagen.net\/index.php?rest_route=\/wp\/v2\/posts\/499833\/revisions"}],"wp:featuredmedia":[{"embeddable":true,"href":"https:\/\/www.diarioimagen.net\/index.php?rest_route=\/wp\/v2\/media\/499921"}],"wp:attachment":[{"href":"https:\/\/www.diarioimagen.net\/index.php?rest_route=%2Fwp%2Fv2%2Fmedia&parent=499833"}],"wp:term":[{"taxonomy":"category","embeddable":true,"href":"https:\/\/www.diarioimagen.net\/index.php?rest_route=%2Fwp%2Fv2%2Fcategories&post=499833"},{"taxonomy":"post_tag","embeddable":true,"href":"https:\/\/www.diarioimagen.net\/index.php?rest_route=%2Fwp%2Fv2%2Ftags&post=499833"}],"curies":[{"name":"wp","href":"https:\/\/api.w.org\/{rel}","templated":true}]}}