{"id":499857,"date":"2021-03-16T00:07:09","date_gmt":"2021-03-16T06:07:09","guid":{"rendered":"https:\/\/www.diarioimagen.net\/?p=499857"},"modified":"2021-03-16T05:27:31","modified_gmt":"2021-03-16T11:27:31","slug":"entrega-alfredo-del-mazo-maza-modernizacion-de-la-unidad-deportiva-de-amecameca","status":"publish","type":"post","link":"https:\/\/www.diarioimagen.net\/?p=499857","title":{"rendered":"Entrega Alfredo Del Mazo Maza modernizaci\u00f3n de la unidad deportiva de Amecameca"},"content":{"rendered":"<p>&nbsp;<\/p>\n<h3 style=\"text-align: center;\">La m\u00e1s importante en la regi\u00f3n de Los Volcanes<\/h3>\n<p><em>\u00a0<\/em><\/p>\n<ul>\n<li><strong>Mantenimiento de las canchas de futbol, basquetbol y front\u00f3n, los juegos infantiles, la calle de acceso e incluso, la construcci\u00f3n de muros para escalar<\/strong><\/li>\n<\/ul>\n<p><strong>\u00a0<\/strong><\/p>\n<div id=\"attachment_499963\" style=\"width: 470px\" class=\"wp-caption aligncenter\"><a href=\"https:\/\/www.diarioimagen.net\/?attachment_id=499963\" rel=\"attachment wp-att-499963\"><img loading=\"lazy\" decoding=\"async\" aria-describedby=\"caption-attachment-499963\" class=\"size-full wp-image-499963\" src=\"https:\/\/www.diarioimagen.net\/wp-content\/uploads\/2021\/03\/del-mazo.jpg\" alt=\"\" width=\"460\" height=\"342\" \/><\/a><p id=\"caption-attachment-499963\" class=\"wp-caption-text\">El gobernador Alfredo Del Mazo Maza entreg\u00f3 la modernizaci\u00f3n de la Unidad Deportiva de Amecameca, la m\u00e1s importante en la regi\u00f3n de Los Volcanes.<\/p><\/div>\n<p>&nbsp;<\/p>\n<p><strong>Amecameca, Estado de M\u00e9xico.-<\/strong>\u00a0Como parte de las acciones que la administraci\u00f3n estatal fomenta para el desarrollo de h\u00e1bitos saludables en los j\u00f3venes y en las familias mexiquenses, el gobernador Alfredo Del Mazo Maza entreg\u00f3 la Unidad Deportiva de Amecameca.<\/p>\n<p>El mandatario estatal explic\u00f3 que la rehabilitaci\u00f3n de este lugar p\u00fablico incluy\u00f3 una serie de obras para dar mantenimiento a las canchas de futbol, basquetbol y front\u00f3n, los juegos infantiles, la calle de acceso, e incluso la construcci\u00f3n de muros para escalar, en diversos niveles de dificultad.<\/p>\n<p>\u201cEstamos haciendo entrega de esta Unidad Deportiva, la m\u00e1s importante que tiene Amecameca y yo dir\u00eda de toda esta regi\u00f3n de Los Volcanes; se rehabilit\u00f3 esta Unidad Deportiva, tiene canchas de futbol, de futbol r\u00e1pido, de basquetbol, de front\u00f3n, tiene cancha de usos m\u00faltiples, \u00e1rea de juegos infantiles y una novedad, yo dir\u00eda para estos deportivos, es estos muros para escalar\u201d, explic\u00f3.<\/p>\n<p>Acompa\u00f1ado por el Alcalde de Amecameca, Miguel \u00c1ngel Salom\u00f3n Cort\u00e9s, el gobernador Alfredo Del Mazo subray\u00f3 que este espacio de convivencia familiar tambi\u00e9n fue equipado con luminarias para ofrecer mayor seguridad a usuarias y usuarios.<\/p>\n<p>Asimismo, a\u00f1adi\u00f3 que este lugar es uno m\u00e1s de los espacios remodelados como parte de las acciones del programa Vive tu Comunidad, que durante la actual administraci\u00f3n ha rescatado diversos sitios del Estado de M\u00e9xico, para la convivencia familiar, la recreaci\u00f3n y el sano esparcimiento.<\/p>\n<p>\u201cQue sea un espacio m\u00e1s que estamos entregando dentro de este programa que se llama Vive tu Comunidad, es un programa que busca recuperar espacios p\u00fablicos, que busca construir nuevos espacios para las familias, para la convivencia, para practicar deporte y para el esparcimiento\u201d, enfatiz\u00f3.<\/p>\n<p>Finalmente, Del Mazo invit\u00f3 a la sociedad mexiquense a visitar estos espacios p\u00fablicos, ya que el Gobierno estatal trabaja para brindar sitios dignos, donde las personas encuentren un \u00e1rea para hacer ejercicio, fomentar una vida sana e inhibir pr\u00e1cticas relacionadas con la violencia, las adicciones o la delincuencia.<\/p>\n<p>\u201cPara que vengan a estas unidades deportivas que estamos rehabilitando, que siempre, adem\u00e1s, se convierten en espacios para la convivencia familiar, para practicar deporte, para que los j\u00f3venes vengan, hagan ejercicio y eso tambi\u00e9n nos sirve para combatir las pr\u00e1cticas de violencia, de adicciones, de delincuencia, por eso son importantes las unidades deportivas\u201d, concluy\u00f3.<\/p>\n","protected":false},"excerpt":{"rendered":"<p>Como parte de las acciones que la administraci\u00f3n estatal fomenta para el desarrollo de h\u00e1bitos saludables en los j\u00f3venes y en las familias mexiquenses, el gobernador Alfredo Del Mazo Maza entreg\u00f3 la Unidad Deportiva de Amecameca.<\/p>\n","protected":false},"author":3,"featured_media":499964,"comment_status":"open","ping_status":"open","sticky":false,"template":"","format":"standard","meta":{"_monsterinsights_skip_tracking":false,"_monsterinsights_sitenote_active":false,"_monsterinsights_sitenote_note":"","_monsterinsights_sitenote_category":0,"footnotes":""},"categories":[5],"tags":[2505,5055,24769,43675,63540],"class_list":["post-499857","post","type-post","status-publish","format-standard","has-post-thumbnail","hentry","category-estado-de-mexico","tag-alfredo-del-mazo-maza","tag-amecameca","tag-entrega","tag-estado-de-mexico","tag-unidad-deportiva"],"_links":{"self":[{"href":"https:\/\/www.diarioimagen.net\/index.php?rest_route=\/wp\/v2\/posts\/499857","targetHints":{"allow":["GET"]}}],"collection":[{"href":"https:\/\/www.diarioimagen.net\/index.php?rest_route=\/wp\/v2\/posts"}],"about":[{"href":"https:\/\/www.diarioimagen.net\/index.php?rest_route=\/wp\/v2\/types\/post"}],"author":[{"embeddable":true,"href":"https:\/\/www.diarioimagen.net\/index.php?rest_route=\/wp\/v2\/users\/3"}],"replies":[{"embeddable":true,"href":"https:\/\/www.diarioimagen.net\/index.php?rest_route=%2Fwp%2Fv2%2Fcomments&post=499857"}],"version-history":[{"count":0,"href":"https:\/\/www.diarioimagen.net\/index.php?rest_route=\/wp\/v2\/posts\/499857\/revisions"}],"wp:featuredmedia":[{"embeddable":true,"href":"https:\/\/www.diarioimagen.net\/index.php?rest_route=\/wp\/v2\/media\/499964"}],"wp:attachment":[{"href":"https:\/\/www.diarioimagen.net\/index.php?rest_route=%2Fwp%2Fv2%2Fmedia&parent=499857"}],"wp:term":[{"taxonomy":"category","embeddable":true,"href":"https:\/\/www.diarioimagen.net\/index.php?rest_route=%2Fwp%2Fv2%2Fcategories&post=499857"},{"taxonomy":"post_tag","embeddable":true,"href":"https:\/\/www.diarioimagen.net\/index.php?rest_route=%2Fwp%2Fv2%2Ftags&post=499857"}],"curies":[{"name":"wp","href":"https:\/\/api.w.org\/{rel}","templated":true}]}}