{"id":499862,"date":"2021-03-16T00:04:03","date_gmt":"2021-03-16T06:04:03","guid":{"rendered":"https:\/\/www.diarioimagen.net\/?p=499862"},"modified":"2021-03-16T07:04:06","modified_gmt":"2021-03-16T13:04:06","slug":"en-suma-de-esfuerzos-limpian-gobierno-de-naucalpan-y-vecinos-presa-san-rafael","status":"publish","type":"post","link":"https:\/\/www.diarioimagen.net\/?p=499862","title":{"rendered":"En suma de esfuerzos, limpian gobierno de Naucalpan y vecinos Presa San Rafael"},"content":{"rendered":"<p>&nbsp;<\/p>\n<ul>\n<li><strong><em>Recolectan cerca de 80 toneladas de basura<\/em><\/strong><\/li>\n<\/ul>\n<p>&nbsp;<\/p>\n<div id=\"attachment_499969\" style=\"width: 470px\" class=\"wp-caption aligncenter\"><a href=\"https:\/\/www.diarioimagen.net\/?attachment_id=499969\" rel=\"attachment wp-att-499969\"><img loading=\"lazy\" decoding=\"async\" aria-describedby=\"caption-attachment-499969\" class=\"size-full wp-image-499969\" src=\"https:\/\/www.diarioimagen.net\/wp-content\/uploads\/2021\/03\/naucalpan-6.jpg\" alt=\"\" width=\"460\" height=\"270\" \/><\/a><p id=\"caption-attachment-499969\" class=\"wp-caption-text\">Autoridades y vecinos de cuatro comunidades llevaron a cabo una jornada de limpieza en la presa San Rafael, en la que se recolectaron cerca de 80 toneladas de residuos s\u00f3lidos.<\/p><\/div>\n<p>&nbsp;<\/p>\n<p><strong>Naucalpan, Estado de M\u00e9xico<\/strong>.- En una suma de esfuerzos, gobierno municipal y vecinos de cuatro comunidades llevaron a cabo una jornada de limpieza en la presa San Rafael, en la que se recolectaron cerca de 80 toneladas de residuos s\u00f3lidos, en aproximadamente una hect\u00e1rea de terreno.<\/p>\n<p>En el lugar, por lo menos 100 trabajadores de la Secretar\u00eda de Servicios P\u00fablicos y aproximadamente 100 vecinos de las comunidades Tierra y Libertad, Predio Las Colonias, Balcones de Chamapa y Altamira realizaron labores de recolecci\u00f3n de basura y el deshierbe de la orilla de la presa.<\/p>\n<p>El titular de Servicios P\u00fablicos, Carlos Trujillo Anell, puntualiz\u00f3 que el operativo de limpieza responde a la petici\u00f3n de las autoridades auxiliares y vecinos para prevenir inundaciones durante temporada de lluvias.<\/p>\n<p>Se\u00f1al\u00f3 que la acumulaci\u00f3n de deshechos urbanos no solo es un riesgo durante temporada de lluvias, sino tambi\u00e9n un foco de infecci\u00f3n.<\/p>\n<p>\u201cNuestra Presidenta Municipal, Patricia Dur\u00e1n, nos pidi\u00f3 que ayud\u00e1ramos a los vecinos hoy, por eso estamos ante el llamado ciudadano de las colonias vecinas, haciendo una limpieza de la presa San Rafael, ya que estaba azolvada y existe el riesgo de que se puedan inundar\u201d, dijo. Asimismo, afirm\u00f3 que para las labores se utilizaron cuatro camiones de volteo, cuatro camiones compactadores y retroescavadoras.<\/p>\n<p>Abraham Contreras Garc\u00eda, vecino y delegado de la colonia Tierra y Libertad, afirm\u00f3 que como comunidad buscan apoyar en las faenas de limpieza, a fin de evitar afectaciones durante la temporada de lluvias.<\/p>\n<p>Afirm\u00f3 que las tareas de mantenimiento de la presa no son exclusivamente responsabilidad del Gobierno Municipal e invit\u00f3 a las y los naucalpenses a cuidar estos espacios y evitar arrojar basura a los canales de agua.<\/p>\n<p>\u201cTiene cerca de 5 a\u00f1os desde que por \u00faltima vez se le dio mantenimiento al lugar.<\/p>\n<p>\u201cPor eso debemos tener conciencia ecol\u00f3gica y que la gente no se aproveche de este espacio vac\u00edo para tirar su basura. Si a este espacio ya se le dio mantenimiento, debemos tener conciencia para no arrojar basura\u201d, apunt\u00f3 Contreras Garc\u00eda.<\/p>\n<p>Adem\u00e1s, Trujillo Anell inform\u00f3 que se cont\u00f3 con la participaci\u00f3n de trabajadores del Organismos de Agua Potable, Alcantarillado y Saneamiento de Naucalpan.<\/p>\n","protected":false},"excerpt":{"rendered":"<p>En una suma de esfuerzos, gobierno municipal y vecinos de cuatro comunidades llevaron a cabo una jornada de limpieza en la presa San Rafael, en la que se recolectaron cerca de 80 toneladas de residuos s\u00f3lidos, en aproximadamente una hect\u00e1rea de terreno.<\/p>\n","protected":false},"author":3,"featured_media":499969,"comment_status":"open","ping_status":"open","sticky":false,"template":"","format":"standard","meta":{"_monsterinsights_skip_tracking":false,"_monsterinsights_sitenote_active":false,"_monsterinsights_sitenote_note":"","_monsterinsights_sitenote_category":0,"footnotes":""},"categories":[5],"tags":[92574,43675,92575,970,92576],"class_list":["post-499862","post","type-post","status-publish","format-standard","has-post-thumbnail","hentry","category-estado-de-mexico","tag-en-suma-de-esfuerzos","tag-estado-de-mexico","tag-limpian-gobierno-de-naucalpan-y-vecinos-presa-san-rafael","tag-naucalpan","tag-presa-san-rafael"],"_links":{"self":[{"href":"https:\/\/www.diarioimagen.net\/index.php?rest_route=\/wp\/v2\/posts\/499862","targetHints":{"allow":["GET"]}}],"collection":[{"href":"https:\/\/www.diarioimagen.net\/index.php?rest_route=\/wp\/v2\/posts"}],"about":[{"href":"https:\/\/www.diarioimagen.net\/index.php?rest_route=\/wp\/v2\/types\/post"}],"author":[{"embeddable":true,"href":"https:\/\/www.diarioimagen.net\/index.php?rest_route=\/wp\/v2\/users\/3"}],"replies":[{"embeddable":true,"href":"https:\/\/www.diarioimagen.net\/index.php?rest_route=%2Fwp%2Fv2%2Fcomments&post=499862"}],"version-history":[{"count":0,"href":"https:\/\/www.diarioimagen.net\/index.php?rest_route=\/wp\/v2\/posts\/499862\/revisions"}],"wp:featuredmedia":[{"embeddable":true,"href":"https:\/\/www.diarioimagen.net\/index.php?rest_route=\/wp\/v2\/media\/499969"}],"wp:attachment":[{"href":"https:\/\/www.diarioimagen.net\/index.php?rest_route=%2Fwp%2Fv2%2Fmedia&parent=499862"}],"wp:term":[{"taxonomy":"category","embeddable":true,"href":"https:\/\/www.diarioimagen.net\/index.php?rest_route=%2Fwp%2Fv2%2Fcategories&post=499862"},{"taxonomy":"post_tag","embeddable":true,"href":"https:\/\/www.diarioimagen.net\/index.php?rest_route=%2Fwp%2Fv2%2Ftags&post=499862"}],"curies":[{"name":"wp","href":"https:\/\/api.w.org\/{rel}","templated":true}]}}