{"id":499866,"date":"2021-03-16T00:02:09","date_gmt":"2021-03-16T06:02:09","guid":{"rendered":"https:\/\/www.diarioimagen.net\/?p=499866"},"modified":"2021-03-16T07:06:03","modified_gmt":"2021-03-16T13:06:03","slug":"en-huixquilucan-adelantan-pagos-2021-del-programa-creciendo-con-mujeres-activas","status":"publish","type":"post","link":"https:\/\/www.diarioimagen.net\/?p=499866","title":{"rendered":"En Huixquilucan, adelantan pagos 2021 del programa Creciendo con Mujeres Activas"},"content":{"rendered":"<p>&nbsp;<\/p>\n<ul>\n<li><strong><em>Apoyos para los sectores vulnerables<\/em><\/strong><\/li>\n<\/ul>\n<p>&nbsp;<\/p>\n<div id=\"attachment_499976\" style=\"width: 470px\" class=\"wp-caption aligncenter\"><a href=\"https:\/\/www.diarioimagen.net\/?attachment_id=499976\" rel=\"attachment wp-att-499976\"><img loading=\"lazy\" decoding=\"async\" aria-describedby=\"caption-attachment-499976\" class=\"size-full wp-image-499976\" src=\"https:\/\/www.diarioimagen.net\/wp-content\/uploads\/2021\/03\/huixquilucan-9.jpg\" alt=\"\" width=\"460\" height=\"270\" \/><\/a><p id=\"caption-attachment-499976\" class=\"wp-caption-text\">El s\u00e9ptimo regidor, Miguel \u00c1ngel Ram\u00edrez V\u00e1zquez, al encabezar la \u00faltima entrega de monederos electr\u00f3nicos \u201cCreciendo con Mujeres Activas\u201d.<\/p><\/div>\n<p>&nbsp;<\/p>\n<p><strong>Huixquilucan, Estado de M\u00e9xico<\/strong>.- \u201cLa pandemia no nos detiene y seguiremos apoyando a las mujeres trabajadoras del hogar\u201d, asegur\u00f3 el s\u00e9ptimo regidor Miguel \u00c1ngel Ram\u00edrez V\u00e1zquez, al encabezar la \u00faltima entrega de monederos electr\u00f3nicos \u201cCreciendo con Mujeres Activas\u201d.<\/p>\n<p>En representaci\u00f3n del presidente municipal de Huixquilucan, Enrique Vargas del Villar, Ram\u00edrez V\u00e1zquez explic\u00f3 que dicho programa beneficia a 3 mil 500 mujeres, y en esta ocasi\u00f3n se realiz\u00f3 el pago por\u00a0 3 mil 35 pesos, que significa el pago total de este programa para el a\u00f1o 2021, as\u00ed como la comisi\u00f3n bancaria por retiro de efectivo.<\/p>\n<p>El s\u00e9ptimo regidor se\u00f1al\u00f3 que los apoyos para los sectores vulnerables seguir\u00e1n llegando, ya que el Alcalde tiene el firme compromiso de trabajar todos los d\u00edas por las y los huixquiluquenses.<\/p>\n<p>En su oportunidad, el director del Sistema Aguas de Huixquilucan, V\u00edctor B\u00e1ez Melo record\u00f3 que en el municipio durante la pandemia los programas sociales no pararon, por el contrario, se fortalecieron y se dise\u00f1aron estrategias para apoyar a la poblaci\u00f3n ante la emergencia sanitaria.<\/p>\n<p>Precis\u00f3 que las obras tampoco se detuvieron por lo que est\u00e1n por entregarse calles, el hospital de San Fernando, estancias y jardines de ni\u00f1os, as\u00ed como pozos de agua, en diferentes puntos del territorio municipal.<\/p>\n","protected":false},"excerpt":{"rendered":"<p>\u201cLa pandemia no nos detiene y seguiremos apoyando a las mujeres trabajadoras del hogar\u201d, asegur\u00f3 el s\u00e9ptimo regidor Miguel \u00c1ngel Ram\u00edrez V\u00e1zquez, al encabezar la \u00faltima entrega de monederos electr\u00f3nicos \u201cCreciendo con Mujeres Activas\u201d.<\/p>\n","protected":false},"author":3,"featured_media":499976,"comment_status":"open","ping_status":"open","sticky":false,"template":"","format":"standard","meta":{"_monsterinsights_skip_tracking":false,"_monsterinsights_sitenote_active":false,"_monsterinsights_sitenote_note":"","_monsterinsights_sitenote_category":0,"footnotes":""},"categories":[5],"tags":[92577,43675,1097,48533],"class_list":["post-499866","post","type-post","status-publish","format-standard","has-post-thumbnail","hentry","category-estado-de-mexico","tag-creciendo-con-mujeres-activas","tag-estado-de-mexico","tag-huixquilucan","tag-programa"],"_links":{"self":[{"href":"https:\/\/www.diarioimagen.net\/index.php?rest_route=\/wp\/v2\/posts\/499866","targetHints":{"allow":["GET"]}}],"collection":[{"href":"https:\/\/www.diarioimagen.net\/index.php?rest_route=\/wp\/v2\/posts"}],"about":[{"href":"https:\/\/www.diarioimagen.net\/index.php?rest_route=\/wp\/v2\/types\/post"}],"author":[{"embeddable":true,"href":"https:\/\/www.diarioimagen.net\/index.php?rest_route=\/wp\/v2\/users\/3"}],"replies":[{"embeddable":true,"href":"https:\/\/www.diarioimagen.net\/index.php?rest_route=%2Fwp%2Fv2%2Fcomments&post=499866"}],"version-history":[{"count":0,"href":"https:\/\/www.diarioimagen.net\/index.php?rest_route=\/wp\/v2\/posts\/499866\/revisions"}],"wp:featuredmedia":[{"embeddable":true,"href":"https:\/\/www.diarioimagen.net\/index.php?rest_route=\/wp\/v2\/media\/499976"}],"wp:attachment":[{"href":"https:\/\/www.diarioimagen.net\/index.php?rest_route=%2Fwp%2Fv2%2Fmedia&parent=499866"}],"wp:term":[{"taxonomy":"category","embeddable":true,"href":"https:\/\/www.diarioimagen.net\/index.php?rest_route=%2Fwp%2Fv2%2Fcategories&post=499866"},{"taxonomy":"post_tag","embeddable":true,"href":"https:\/\/www.diarioimagen.net\/index.php?rest_route=%2Fwp%2Fv2%2Ftags&post=499866"}],"curies":[{"name":"wp","href":"https:\/\/api.w.org\/{rel}","templated":true}]}}