{"id":499868,"date":"2021-03-16T00:01:33","date_gmt":"2021-03-16T06:01:33","guid":{"rendered":"https:\/\/www.diarioimagen.net\/?p=499868"},"modified":"2021-03-16T07:13:31","modified_gmt":"2021-03-16T13:13:31","slug":"el-alcalde-raciel-perez-encabezo-la-primera-jornada-de-tequios-2021","status":"publish","type":"post","link":"https:\/\/www.diarioimagen.net\/?p=499868","title":{"rendered":"El alcalde Raciel P\u00e9rez encabez\u00f3 la primera jornada de Tequios 2021"},"content":{"rendered":"<p><strong>\u00a0<\/strong><\/p>\n<p><a href=\"https:\/\/www.diarioimagen.net\/?attachment_id=499978\" rel=\"attachment wp-att-499978\"><img loading=\"lazy\" decoding=\"async\" class=\"aligncenter size-full wp-image-499978\" src=\"https:\/\/www.diarioimagen.net\/wp-content\/uploads\/2021\/03\/tlalnepantla-7.jpg\" alt=\"\" width=\"460\" height=\"270\" \/><\/a><\/p>\n<p>&nbsp;<\/p>\n<p><strong>Tlalnepantla, Estado de M\u00e9xico<\/strong>.\u2014 \u00a1Regresan los Tequios! El alcalde Raciel P\u00e9rez Cruz encabez\u00f3 la primera jornada de trabajo comunitario de 2021 sobre Boulevard Manuel \u00c1vila Camacho, desde Valle Dorado a San Lucas Tepetlacalco, donde se realizaron labores de barrido, poda y encalado de \u00e1rboles, recolecci\u00f3n de residuos verdes, entre otras.<\/p>\n<p>Del 14 de marzo al 25 de abril, ciudadan\u00eda, servidoras y servidores p\u00fablicos mejorar\u00e1nel entorno urbano de Nuestra Ciudad.<\/p>\n<p>&nbsp;<\/p>\n","protected":false},"excerpt":{"rendered":"<p>\u00a1Regresan los Tequios! El alcalde Raciel P\u00e9rez Cruz encabez\u00f3 la primera jornada de trabajo comunitario de 2021 sobre Boulevard Manuel \u00c1vila Camacho, desde Valle Dorado a San Lucas Tepetlacalco, donde se realizaron labores de barrido, poda y encalado de \u00e1rboles, recolecci\u00f3n de residuos verdes, entre otras.<\/p>\n","protected":false},"author":3,"featured_media":499978,"comment_status":"open","ping_status":"open","sticky":false,"template":"","format":"standard","meta":{"_monsterinsights_skip_tracking":false,"_monsterinsights_sitenote_active":false,"_monsterinsights_sitenote_note":"","_monsterinsights_sitenote_category":0,"footnotes":""},"categories":[5],"tags":[43675,81646,92578,169],"class_list":["post-499868","post","type-post","status-publish","format-standard","has-post-thumbnail","hentry","category-estado-de-mexico","tag-estado-de-mexico","tag-regresan","tag-tequios","tag-tlalnepantla"],"_links":{"self":[{"href":"https:\/\/www.diarioimagen.net\/index.php?rest_route=\/wp\/v2\/posts\/499868","targetHints":{"allow":["GET"]}}],"collection":[{"href":"https:\/\/www.diarioimagen.net\/index.php?rest_route=\/wp\/v2\/posts"}],"about":[{"href":"https:\/\/www.diarioimagen.net\/index.php?rest_route=\/wp\/v2\/types\/post"}],"author":[{"embeddable":true,"href":"https:\/\/www.diarioimagen.net\/index.php?rest_route=\/wp\/v2\/users\/3"}],"replies":[{"embeddable":true,"href":"https:\/\/www.diarioimagen.net\/index.php?rest_route=%2Fwp%2Fv2%2Fcomments&post=499868"}],"version-history":[{"count":0,"href":"https:\/\/www.diarioimagen.net\/index.php?rest_route=\/wp\/v2\/posts\/499868\/revisions"}],"wp:featuredmedia":[{"embeddable":true,"href":"https:\/\/www.diarioimagen.net\/index.php?rest_route=\/wp\/v2\/media\/499978"}],"wp:attachment":[{"href":"https:\/\/www.diarioimagen.net\/index.php?rest_route=%2Fwp%2Fv2%2Fmedia&parent=499868"}],"wp:term":[{"taxonomy":"category","embeddable":true,"href":"https:\/\/www.diarioimagen.net\/index.php?rest_route=%2Fwp%2Fv2%2Fcategories&post=499868"},{"taxonomy":"post_tag","embeddable":true,"href":"https:\/\/www.diarioimagen.net\/index.php?rest_route=%2Fwp%2Fv2%2Ftags&post=499868"}],"curies":[{"name":"wp","href":"https:\/\/api.w.org\/{rel}","templated":true}]}}