{"id":499982,"date":"2021-03-18T00:06:04","date_gmt":"2021-03-18T06:06:04","guid":{"rendered":"https:\/\/www.diarioimagen.net\/?p=499982"},"modified":"2021-03-17T23:47:22","modified_gmt":"2021-03-18T05:47:22","slug":"necesaria-neutralidad-de-la-internet-para-garantizar-derecho-a-la-informacion","status":"publish","type":"post","link":"https:\/\/www.diarioimagen.net\/?p=499982","title":{"rendered":"Necesaria, neutralidad de la internet para garantizar derecho a la informaci\u00f3n"},"content":{"rendered":"<p><em>\u00a0<\/em><\/p>\n<ul>\n<li><strong><em>A trav\u00e9s de su dise\u00f1o org\u00e1nico, exponencial y sobre todo, libre, la internet tiene como finalidad transportar de manera eficiente un dato bajo el concepto de neutralidad, es decir, sin espionaje, censura ni discriminaci\u00f3n<\/em><\/strong><\/li>\n<\/ul>\n<p><strong>\u00a0<\/strong><\/p>\n<div id=\"attachment_500080\" style=\"width: 470px\" class=\"wp-caption aligncenter\"><a href=\"https:\/\/www.diarioimagen.net\/?attachment_id=500080\" rel=\"attachment wp-att-500080\"><img loading=\"lazy\" decoding=\"async\" aria-describedby=\"caption-attachment-500080\" class=\"size-full wp-image-500080\" src=\"https:\/\/www.diarioimagen.net\/wp-content\/uploads\/2021\/03\/ExpertoUaem.jpg\" alt=\"\" width=\"460\" height=\"270\" \/><\/a><p id=\"caption-attachment-500080\" class=\"wp-caption-text\">Emilio Salda\u00f1a Pizu, director general de Alternativa Digital, dict\u00f3 la conferencia \u00abEn l\u00ednea, luego existo: el reto de la convivencia en Redes Sociales\u00bb, organizada por la Facultad de Ciencias Pol\u00edticas y Sociales de la UAEM.<\/p><\/div>\n<p>&nbsp;<\/p>\n<p><strong>Toluca, Estado de M\u00e9xico.\u2013<\/strong> El contenido que se divulga en la internet debe permanecer neutro y en acceso abierto para que siga cumpliendo uno de sus objetivos de origen: servir a la sociedad como derecho a la informaci\u00f3n, expres\u00f3 en la Universidad Aut\u00f3noma del Estado de M\u00e9xico, el director general de Alternativa Digital, Emilio Salda\u00f1a Pizu.<\/p>\n<p>El ponente invitado al seminario virtual \u00abLas ciencias sociales y los entornos digitales\u00bb organizado por la Facultad de Ciencias Pol\u00edticas y Sociales de la UAEM,\u00a0 record\u00f3 que a trav\u00e9s de su dise\u00f1o org\u00e1nico, exponencial y sobre todo, libre, la internet tiene como finalidad transportar de manera eficiente un dato bajo el concepto de neutralidad, es decir, sin espionaje, censura ni discriminaci\u00f3n.<\/p>\n<p>Ante la comunidad universitaria, el ponente manifest\u00f3 la importancia de permitir que las opiniones o determinaciones del usuario de la internet respecto a un hecho se informen a partir de diferentes perspectivas, evitando una visi\u00f3n un\u00edvoca.<\/p>\n<p>Al dictar la conferencia \u00abEn l\u00ednea, luego existo: el reto de la convivencia en Redes Sociales\u00bb, Salda\u00f1a Pizu reconoci\u00f3 el trabajo que encabeza la Aut\u00f3noma mexiquense en garantizar el acceso al conocimiento abierto a trav\u00e9s de plataformas digitales, como el Repositorio Institucional en beneficio de la comunidad universitaria y sociedad en general.<\/p>\n<p>Inform\u00f3 que actualmente en el mundo existen cuatro mil 836 millones 451 mil 162 usuarios de la internet; mientras que la velocidad de conexi\u00f3n a la red se intensific\u00f3 a causa de la pandemia de Covid-19.<\/p>\n<p>Cabe mencionar que a la conferencia virtual asistieron estudiantes de las facultades de Ciencias Pol\u00edticas y Sociales y Contadur\u00eda y Administraci\u00f3n de la Aut\u00f3noma mexiquense.<\/p>\n","protected":false},"excerpt":{"rendered":"<p>El contenido que se divulga en la internet debe permanecer neutro y en acceso abierto para que siga cumpliendo uno de sus objetivos de origen: servir a la sociedad como derecho a la informaci\u00f3n, expres\u00f3 en la Universidad Aut\u00f3noma del Estado de M\u00e9xico, el director general de Alternativa Digital, Emilio Salda\u00f1a Pizu.<\/p>\n","protected":false},"author":3,"featured_media":500080,"comment_status":"open","ping_status":"open","sticky":false,"template":"","format":"standard","meta":{"_monsterinsights_skip_tracking":false,"_monsterinsights_sitenote_active":false,"_monsterinsights_sitenote_note":"","_monsterinsights_sitenote_category":0,"footnotes":""},"categories":[5],"tags":[92579,92580,43675,452,1490],"class_list":["post-499982","post","type-post","status-publish","format-standard","has-post-thumbnail","hentry","category-estado-de-mexico","tag-alternativa-digital","tag-emilio-saldana-pizu","tag-estado-de-mexico","tag-toluca","tag-universidad-autonoma-del-estado-de-mexico"],"_links":{"self":[{"href":"https:\/\/www.diarioimagen.net\/index.php?rest_route=\/wp\/v2\/posts\/499982","targetHints":{"allow":["GET"]}}],"collection":[{"href":"https:\/\/www.diarioimagen.net\/index.php?rest_route=\/wp\/v2\/posts"}],"about":[{"href":"https:\/\/www.diarioimagen.net\/index.php?rest_route=\/wp\/v2\/types\/post"}],"author":[{"embeddable":true,"href":"https:\/\/www.diarioimagen.net\/index.php?rest_route=\/wp\/v2\/users\/3"}],"replies":[{"embeddable":true,"href":"https:\/\/www.diarioimagen.net\/index.php?rest_route=%2Fwp%2Fv2%2Fcomments&post=499982"}],"version-history":[{"count":0,"href":"https:\/\/www.diarioimagen.net\/index.php?rest_route=\/wp\/v2\/posts\/499982\/revisions"}],"wp:featuredmedia":[{"embeddable":true,"href":"https:\/\/www.diarioimagen.net\/index.php?rest_route=\/wp\/v2\/media\/500080"}],"wp:attachment":[{"href":"https:\/\/www.diarioimagen.net\/index.php?rest_route=%2Fwp%2Fv2%2Fmedia&parent=499982"}],"wp:term":[{"taxonomy":"category","embeddable":true,"href":"https:\/\/www.diarioimagen.net\/index.php?rest_route=%2Fwp%2Fv2%2Fcategories&post=499982"},{"taxonomy":"post_tag","embeddable":true,"href":"https:\/\/www.diarioimagen.net\/index.php?rest_route=%2Fwp%2Fv2%2Ftags&post=499982"}],"curies":[{"name":"wp","href":"https:\/\/api.w.org\/{rel}","templated":true}]}}