{"id":500000,"date":"2021-03-17T00:05:30","date_gmt":"2021-03-17T06:05:30","guid":{"rendered":"https:\/\/www.diarioimagen.net\/?p=500000"},"modified":"2021-03-17T04:58:17","modified_gmt":"2021-03-17T10:58:17","slug":"agenda-conjunta-de-trabajo-de-la-secretaria-de-seguridad-estatal-y-el-iapem","status":"publish","type":"post","link":"https:\/\/www.diarioimagen.net\/?p=500000","title":{"rendered":"Agenda conjunta de trabajo de la Secretar\u00eda de Seguridad estatal y el IAPEM"},"content":{"rendered":"<p>&nbsp;<\/p>\n<ul>\n<li><strong>Coinciden expertos y autoridades en que se puede restablecer la seguridad, la justicia y la paz en M\u00e9xico<\/strong><\/li>\n<\/ul>\n<p><strong>\u00a0<\/strong><\/p>\n<div id=\"attachment_500121\" style=\"width: 470px\" class=\"wp-caption aligncenter\"><a href=\"https:\/\/www.diarioimagen.net\/?attachment_id=500121\" rel=\"attachment wp-att-500121\"><img loading=\"lazy\" decoding=\"async\" aria-describedby=\"caption-attachment-500121\" class=\"size-full wp-image-500121\" src=\"https:\/\/www.diarioimagen.net\/wp-content\/uploads\/2021\/03\/EDOMEX-5.jpg\" alt=\"\" width=\"460\" height=\"270\" \/><\/a><p id=\"caption-attachment-500121\" class=\"wp-caption-text\">Presentan libro \u201cPor un sistema acusatorio eficaz: reforma policial, investigaci\u00f3n del delito y principio acusatorio\u201d, de Bernardo Le\u00f3n Olea.<\/p><\/div>\n<p>&nbsp;<\/p>\n<p><strong>Toluca, Estado de M\u00e9xico.- <\/strong>En el marco de la agenda conjunta de trabajo de la Secretar\u00eda de Seguridad estatal y el Instituto de Administraci\u00f3n P\u00fablica del Estado de M\u00e9xico (IAPEM), para la generaci\u00f3n de diagn\u00f3sticos e informaci\u00f3n estrat\u00e9gica, fue presentado el libro \u00abPor un sistema acusatorio eficaz: reforma policial, investigaci\u00f3n del delito y principio acusatorio\u201d, de Bernardo Le\u00f3n Olea, especialista en Seguridad y Sistema de Justicia Penal.<\/p>\n<p>\u201cEl libro cuenta la historia acerca de c\u00f3mo los mexicanos recuperaremos la seguridad, la justicia y la paz\u201d, afirm\u00f3 Arturo Huicochea, titular del IAPEM, al dar la bienvenida a los asistentes y participantes.<\/p>\n<p>Cabe destacar que, entre ellos, se encontraba C\u00e9sar Camacho, quien, siendo Diputado federal entre 2006 y 2009 impuls\u00f3 la reforma que es sujeto de estudio en esta obra, por lo que en su momento fue considerado \u201cel padre de la reforma penal\u201d.<\/p>\n<p>El ex gobernador del Estado de M\u00e9xico reconoci\u00f3 que \u201csiendo una muy buena reforma, pudo faltarle una hoja de ruta m\u00e1s precisa para asignar tareas a los actores involucrados, pero el impulso que el IAPEM le d\u00e9 y, sobre todo, el gran esfuerzo del Gobernador Alfredo Del Mazo, a trav\u00e9s de la Secretar\u00eda de Seguridad, son vientos de esperanza para todos\u201d.<\/p>\n<p>El evento cont\u00f3 con los comentarios de Jan Perlin, Secretaria de Estudio y Cuenta en la Corte Suprema de Nueva York, y Mayra Hern\u00e1ndez, Coordinadora del Modelo de Polic\u00eda Metropolitana de Investigaci\u00f3n en la Fiscal\u00eda General de Justicia de Nuevo Le\u00f3n, quienes hablaron sobre la importancia de las propuestas, para lograr la adecuada identificaci\u00f3n de roles, la profesionalizaci\u00f3n y la consolidaci\u00f3n de instituciones.<\/p>\n<p>En su mensaje de cierre, Rodrigo Mart\u00ednez-Celis Wogau, Secretario de Seguridad del Estado de M\u00e9xico, llam\u00f3 a seguir generando espacios de reflexi\u00f3n y formulaci\u00f3n de propuestas que contribuyan a tener m\u00e1s seguridad y justicia.<\/p>\n<p>El evento, realizado a trav\u00e9s de plataformas digitales, cont\u00f3 con la presencia de m\u00e1s de 500 personas, entre diputados federales, integrantes del Consejo Nacional de Seguridad P\u00fablica y del Consejo Ciudadano de Seguridad P\u00fablica del Estado de M\u00e9xico, as\u00ed como del Secretariado T\u00e9cnico para el An\u00e1lisis y el Estudio de la Reforma Constitucional y el Marco Legal del Estado de M\u00e9xico.<\/p>\n","protected":false},"excerpt":{"rendered":"<p>En el marco de la agenda conjunta de trabajo de la Secretar\u00eda de Seguridad estatal y el Instituto de Administraci\u00f3n P\u00fablica del Estado de M\u00e9xico (IAPEM), para la generaci\u00f3n de diagn\u00f3sticos e informaci\u00f3n estrat\u00e9gica, fue presentado el libro \u00abPor un sistema acusatorio eficaz: reforma policial, investigaci\u00f3n del delito y principio acusatorio\u201d, de Bernardo Le\u00f3n Olea, especialista en Seguridad y Sistema de Justicia Penal.<\/p>\n","protected":false},"author":3,"featured_media":500121,"comment_status":"open","ping_status":"open","sticky":false,"template":"","format":"standard","meta":{"_monsterinsights_skip_tracking":false,"_monsterinsights_sitenote_active":false,"_monsterinsights_sitenote_note":"","_monsterinsights_sitenote_category":0,"footnotes":""},"categories":[5],"tags":[43675,92581,452],"class_list":["post-500000","post","type-post","status-publish","format-standard","has-post-thumbnail","hentry","category-estado-de-mexico","tag-estado-de-mexico","tag-instituto-de-administracion-publica-del-estado-de-mexico","tag-toluca"],"_links":{"self":[{"href":"https:\/\/www.diarioimagen.net\/index.php?rest_route=\/wp\/v2\/posts\/500000","targetHints":{"allow":["GET"]}}],"collection":[{"href":"https:\/\/www.diarioimagen.net\/index.php?rest_route=\/wp\/v2\/posts"}],"about":[{"href":"https:\/\/www.diarioimagen.net\/index.php?rest_route=\/wp\/v2\/types\/post"}],"author":[{"embeddable":true,"href":"https:\/\/www.diarioimagen.net\/index.php?rest_route=\/wp\/v2\/users\/3"}],"replies":[{"embeddable":true,"href":"https:\/\/www.diarioimagen.net\/index.php?rest_route=%2Fwp%2Fv2%2Fcomments&post=500000"}],"version-history":[{"count":0,"href":"https:\/\/www.diarioimagen.net\/index.php?rest_route=\/wp\/v2\/posts\/500000\/revisions"}],"wp:featuredmedia":[{"embeddable":true,"href":"https:\/\/www.diarioimagen.net\/index.php?rest_route=\/wp\/v2\/media\/500121"}],"wp:attachment":[{"href":"https:\/\/www.diarioimagen.net\/index.php?rest_route=%2Fwp%2Fv2%2Fmedia&parent=500000"}],"wp:term":[{"taxonomy":"category","embeddable":true,"href":"https:\/\/www.diarioimagen.net\/index.php?rest_route=%2Fwp%2Fv2%2Fcategories&post=500000"},{"taxonomy":"post_tag","embeddable":true,"href":"https:\/\/www.diarioimagen.net\/index.php?rest_route=%2Fwp%2Fv2%2Ftags&post=500000"}],"curies":[{"name":"wp","href":"https:\/\/api.w.org\/{rel}","templated":true}]}}