{"id":500005,"date":"2021-03-17T00:01:43","date_gmt":"2021-03-17T06:01:43","guid":{"rendered":"https:\/\/www.diarioimagen.net\/?p=500005"},"modified":"2021-03-17T05:31:58","modified_gmt":"2021-03-17T11:31:58","slug":"arranca-tlalnepantla-programa-tequios-2021-con-acciones-para-mejorar-el-entorno-urbano","status":"publish","type":"post","link":"https:\/\/www.diarioimagen.net\/?p=500005","title":{"rendered":"Arranca Tlalnepantla programa Tequios 2021, con acciones para mejorar el entorno urbano"},"content":{"rendered":"<p>&nbsp;<\/p>\n<ul>\n<li><strong><em>Participan servidores p\u00fablicos y ciudadanos<\/em><\/strong><\/li>\n<\/ul>\n<p>&nbsp;<\/p>\n<div id=\"attachment_500145\" style=\"width: 470px\" class=\"wp-caption aligncenter\"><a href=\"https:\/\/www.diarioimagen.net\/?attachment_id=500145\" rel=\"attachment wp-att-500145\"><img loading=\"lazy\" decoding=\"async\" aria-describedby=\"caption-attachment-500145\" class=\"size-full wp-image-500145\" src=\"https:\/\/www.diarioimagen.net\/wp-content\/uploads\/2021\/03\/tlalne-1.jpg\" alt=\"\" width=\"460\" height=\"270\" \/><\/a><p id=\"caption-attachment-500145\" class=\"wp-caption-text\">Arranc\u00f3 en Tlalnepantla el programa Tequios 2021 que se realizar\u00e1 hasta el 25 de abril con acciones para el mejoramiento del entorno urbano.<\/p><\/div>\n<p>&nbsp;<\/p>\n<p><strong>Tlalnepantla, Estado de M\u00e9xico<\/strong>.- El gobierno municipal arranc\u00f3 el programa Tequios 2021 que se realizar\u00e1 hasta el 25 de abril con acciones para el mejoramiento del entorno urbano en las que participan, servidoras, servidores p\u00fablicos, comunitarios y beneficiarios del programa de empleo temporal Mejorando Nuestra Ciudad.<\/p>\n<p>Raciel P\u00e9rez Cruz, presidente municipal de Tlalnepantla, indic\u00f3 que los Tequios son \u201cun esfuerzo de recuperaci\u00f3n de espacios p\u00fablicos en que las y los servidores p\u00fablicos donan su tiempo libre en favor de la ciudad y en beneficio de la comunidad. Con este programa vamos a visitar muchas comunidades para darles mantenimiento\u201d.<\/p>\n<p>Con las medidas de prevenci\u00f3n por la emergencia sanitaria de COVID-19, en la primera jornada se realizaron trabajos de barrido, poda y encalado de \u00e1rboles, recolecci\u00f3n de residuos verdes sobre Boulevard Manuel \u00c1vila Camacho, desde el fraccionamiento Valle Dorado hasta el pueblo San Lucas Tepetlacalco.<\/p>\n<p>Entre las labores que se efect\u00faan en los Tequios se encuentran bacheo, balizamiento, encalado de \u00e1rboles, reparaci\u00f3n e instalaci\u00f3n de luminarias, mantenimiento de topes, \u00e1reas verdes, poda de \u00e1rboles que afectan el alumbrado p\u00fablico o que representen alg\u00fan riesgo, recolecci\u00f3n de basura, entre otras acciones para mejorar del entorno urbano.<\/p>\n<p>Participan todas las direcciones, institutos, coordinaciones y organismos descentralizados de la administraci\u00f3n.<\/p>\n<p>Del 1 de agosto al 28 de noviembre del 2020 se realizaron tequios en 160 espacios p\u00fablicos, a trav\u00e9s de 252 jornadas de trabajo voluntario en beneficio de 93 comunidades, con la participaci\u00f3n de 978 servidoras y servidores p\u00fablicos, as\u00ed como mil 613 ciudadanos y ciudadanas.<\/p>\n","protected":false},"excerpt":{"rendered":"<p>El gobierno municipal arranc\u00f3 el programa Tequios 2021 que se realizar\u00e1 hasta el 25 de abril con acciones para el mejoramiento del entorno urbano en las que participan, servidoras, servidores p\u00fablicos, comunitarios y beneficiarios del programa de empleo temporal Mejorando Nuestra Ciudad.<\/p>\n","protected":false},"author":3,"featured_media":500145,"comment_status":"open","ping_status":"open","sticky":false,"template":"","format":"standard","meta":{"_monsterinsights_skip_tracking":false,"_monsterinsights_sitenote_active":false,"_monsterinsights_sitenote_note":"","_monsterinsights_sitenote_category":0,"footnotes":""},"categories":[5],"tags":[92583,43675,92582,169],"class_list":["post-500005","post","type-post","status-publish","format-standard","has-post-thumbnail","hentry","category-estado-de-mexico","tag-entorno-urbano","tag-estado-de-mexico","tag-mejorando-nuestra-ciudad","tag-tlalnepantla"],"_links":{"self":[{"href":"https:\/\/www.diarioimagen.net\/index.php?rest_route=\/wp\/v2\/posts\/500005","targetHints":{"allow":["GET"]}}],"collection":[{"href":"https:\/\/www.diarioimagen.net\/index.php?rest_route=\/wp\/v2\/posts"}],"about":[{"href":"https:\/\/www.diarioimagen.net\/index.php?rest_route=\/wp\/v2\/types\/post"}],"author":[{"embeddable":true,"href":"https:\/\/www.diarioimagen.net\/index.php?rest_route=\/wp\/v2\/users\/3"}],"replies":[{"embeddable":true,"href":"https:\/\/www.diarioimagen.net\/index.php?rest_route=%2Fwp%2Fv2%2Fcomments&post=500005"}],"version-history":[{"count":0,"href":"https:\/\/www.diarioimagen.net\/index.php?rest_route=\/wp\/v2\/posts\/500005\/revisions"}],"wp:featuredmedia":[{"embeddable":true,"href":"https:\/\/www.diarioimagen.net\/index.php?rest_route=\/wp\/v2\/media\/500145"}],"wp:attachment":[{"href":"https:\/\/www.diarioimagen.net\/index.php?rest_route=%2Fwp%2Fv2%2Fmedia&parent=500005"}],"wp:term":[{"taxonomy":"category","embeddable":true,"href":"https:\/\/www.diarioimagen.net\/index.php?rest_route=%2Fwp%2Fv2%2Fcategories&post=500005"},{"taxonomy":"post_tag","embeddable":true,"href":"https:\/\/www.diarioimagen.net\/index.php?rest_route=%2Fwp%2Fv2%2Ftags&post=500005"}],"curies":[{"name":"wp","href":"https:\/\/api.w.org\/{rel}","templated":true}]}}