{"id":500153,"date":"2021-03-18T00:06:54","date_gmt":"2021-03-18T06:06:54","guid":{"rendered":"https:\/\/www.diarioimagen.net\/?p=500153"},"modified":"2021-03-18T23:21:56","modified_gmt":"2021-03-19T05:21:56","slug":"cecilia-lugo-recomienda-incentivar-expresion-poetica-en-formacion-dancistica","status":"publish","type":"post","link":"https:\/\/www.diarioimagen.net\/?p=500153","title":{"rendered":"Cecilia Lugo recomienda incentivar expresi\u00f3n po\u00e9tica en formaci\u00f3n danc\u00edstica"},"content":{"rendered":"<p><em>\u00a0<\/em><\/p>\n<ul>\n<li><strong><em>La core\u00f3grafa mexicana y directora de la compa\u00f1\u00eda Contempodanza asever\u00f3 en la Universidad Aut\u00f3noma del Estado de M\u00e9xico, que la acci\u00f3n po\u00e9tica juega un papel m\u00e1s importante que la formaci\u00f3n basada exclusivamente en la t\u00e9cnica<\/em><\/strong><\/li>\n<\/ul>\n<p><strong>\u00a0<\/strong><\/p>\n<div id=\"attachment_500253\" style=\"width: 470px\" class=\"wp-caption aligncenter\"><a href=\"https:\/\/www.diarioimagen.net\/?attachment_id=500253\" rel=\"attachment wp-att-500253\"><img loading=\"lazy\" decoding=\"async\" aria-describedby=\"caption-attachment-500253\" class=\"size-full wp-image-500253\" src=\"https:\/\/www.diarioimagen.net\/wp-content\/uploads\/2021\/03\/Uaem-3.jpg\" alt=\"\" width=\"460\" height=\"270\" \/><\/a><p id=\"caption-attachment-500253\" class=\"wp-caption-text\">La core\u00f3grafa Cecilia Lugo particip\u00f3 en el ciclo de conferencias \u201cMujeres en las artes\u201d, organizado por la Escuela de Artes Esc\u00e9nicas de la UAEM.<\/p><\/div>\n<p>&nbsp;<\/p>\n<p><strong>Toluca, Estado de M\u00e9xico.\u2013<\/strong>\u00a0 Los profesionales de la danza dedicados a la docencia deben motivar a los estudiantes a encontrar su acci\u00f3n po\u00e9tica durante la formaci\u00f3n acad\u00e9mica, evitando prejuicios caracter\u00edsticos de la idiosincrasia mexicana, se\u00f1al\u00f3 la core\u00f3grafa <a href=\"https:\/\/www.instagram.com\/cecilialugo_cz\/\" target=\"_blank\" rel=\"noopener\">Cecilia Lugo<\/a> en el marco del ciclo de conferencias \u201cMujeres en las artes\u201d, organizado por la Escuela de Artes Esc\u00e9nicas de la Universidad Aut\u00f3noma del Estado de M\u00e9xico.<\/p>\n<p>Durante una charla virtual a la que acudieron el director del espacio universitario, Alejandro Flores Sol\u00eds, el coordinador de la licenciatura en Danza, Cristi\u00e1n Rom\u00e1n Mac\u00edas Plata y el profesor Alejandro P\u00e9rez S\u00e1ez, la bailarina asever\u00f3 que la acci\u00f3n po\u00e9tica juega un papel m\u00e1s importante que la formaci\u00f3n basada exclusivamente en la t\u00e9cnica.<\/p>\n<p>A prop\u00f3sito del Primer Ciclo de Conferencias Magistrales \u201cMujeres en las artes, experiencias compartidas\u201d, transmitido en l\u00ednea por la UAEM, la directora de la compa\u00f1\u00eda <a href=\"https:\/\/www.instagram.com\/contempodanza\/\" target=\"_blank\" rel=\"noopener\">Contempodanza<\/a>, manifest\u00f3 que hay una sacralidad impregnada en la danza, la cual ayuda a que los bailarines se encuentren consigo mismos y logren expresarse libremente de una manera po\u00e9tica.<\/p>\n<p>La bailarina tamaulipeca aclar\u00f3 que, aunque la t\u00e9cnica es necesaria y en ella reside un trabajo corporal diario y una ritualidad desmedida, dichos actos no corresponden a la finalidad \u00faltima de la danza, pues \u201clos profesionales deben trascender para dar cabida al gozo con el cual se logra transmitir emociones m\u00e1s profundas en los espectadores\u201d.<\/p>\n<p><a href=\"https:\/\/www.facebook.com\/cecilia.lugo.315\" target=\"_blank\" rel=\"noopener\">Cecilia Lugo<\/a> invit\u00f3 a los docentes de las escuelas de danza a que incorporen\u00a0 en sus t\u00e9cnicas de ense\u00f1anza el sentido de la po\u00e9tica, con el prop\u00f3sito de ayudar a los alumnos a dejar de lado los prejuicios y negaciones, lo que les permitir\u00e1 crecer aceptando su cuerpo y su propuesta art\u00edstica.<\/p>\n<p>Cabe mencionar que \u201cMujeres en las artes, experiencias compartidas\u201d es un ejercicio acad\u00e9mico que tiene como prop\u00f3sito invitar a destacadas mujeres de m\u00fasica, danza y cinematograf\u00eda para compartir reflexiones sobre la vida art\u00edstica y los nuevos retos profesionales del mundo actual.<\/p>\n","protected":false},"excerpt":{"rendered":"<p>Los profesionales de la danza dedicados a la docencia deben motivar a los estudiantes a encontrar su acci\u00f3n po\u00e9tica durante la formaci\u00f3n acad\u00e9mica, evitando prejuicios caracter\u00edsticos de la idiosincrasia mexicana, se\u00f1al\u00f3 la core\u00f3grafa Cecilia Lugo en el marco del ciclo de conferencias \u201cMujeres en las artes\u201d, organizado por la Escuela de Artes Esc\u00e9nicas de la Universidad Aut\u00f3noma del Estado de M\u00e9xico.<\/p>\n","protected":false},"author":3,"featured_media":500253,"comment_status":"open","ping_status":"open","sticky":false,"template":"","format":"standard","meta":{"_monsterinsights_skip_tracking":false,"_monsterinsights_sitenote_active":false,"_monsterinsights_sitenote_note":"","_monsterinsights_sitenote_category":0,"footnotes":""},"categories":[5],"tags":[92598,92599,43675,92592,452,1490],"class_list":["post-500153","post","type-post","status-publish","format-standard","has-post-thumbnail","hentry","category-estado-de-mexico","tag-cecilia-lugo","tag-contempodanza","tag-estado-de-mexico","tag-ormacion-dancistica","tag-toluca","tag-universidad-autonoma-del-estado-de-mexico"],"_links":{"self":[{"href":"https:\/\/www.diarioimagen.net\/index.php?rest_route=\/wp\/v2\/posts\/500153","targetHints":{"allow":["GET"]}}],"collection":[{"href":"https:\/\/www.diarioimagen.net\/index.php?rest_route=\/wp\/v2\/posts"}],"about":[{"href":"https:\/\/www.diarioimagen.net\/index.php?rest_route=\/wp\/v2\/types\/post"}],"author":[{"embeddable":true,"href":"https:\/\/www.diarioimagen.net\/index.php?rest_route=\/wp\/v2\/users\/3"}],"replies":[{"embeddable":true,"href":"https:\/\/www.diarioimagen.net\/index.php?rest_route=%2Fwp%2Fv2%2Fcomments&post=500153"}],"version-history":[{"count":0,"href":"https:\/\/www.diarioimagen.net\/index.php?rest_route=\/wp\/v2\/posts\/500153\/revisions"}],"wp:featuredmedia":[{"embeddable":true,"href":"https:\/\/www.diarioimagen.net\/index.php?rest_route=\/wp\/v2\/media\/500253"}],"wp:attachment":[{"href":"https:\/\/www.diarioimagen.net\/index.php?rest_route=%2Fwp%2Fv2%2Fmedia&parent=500153"}],"wp:term":[{"taxonomy":"category","embeddable":true,"href":"https:\/\/www.diarioimagen.net\/index.php?rest_route=%2Fwp%2Fv2%2Fcategories&post=500153"},{"taxonomy":"post_tag","embeddable":true,"href":"https:\/\/www.diarioimagen.net\/index.php?rest_route=%2Fwp%2Fv2%2Ftags&post=500153"}],"curies":[{"name":"wp","href":"https:\/\/api.w.org\/{rel}","templated":true}]}}