{"id":500164,"date":"2021-03-18T00:05:01","date_gmt":"2021-03-18T06:05:01","guid":{"rendered":"https:\/\/www.diarioimagen.net\/?p=500164"},"modified":"2021-03-18T03:00:12","modified_gmt":"2021-03-18T09:00:12","slug":"inicia-este-viernes-19-vacunacion-anti-covid-para-abuelitos-en-nezahualcoyotl","status":"publish","type":"post","link":"https:\/\/www.diarioimagen.net\/?p=500164","title":{"rendered":"Inicia este viernes 19 vacunaci\u00f3n anti-Covid para abuelitos en Nezahualc\u00f3yotl"},"content":{"rendered":"<p>&nbsp;<\/p>\n<h3 style=\"text-align: center;\">En Texcoco, el s\u00e1bado<\/h3>\n<p><strong>\u00a0<\/strong><\/p>\n<div id=\"attachment_500265\" style=\"width: 470px\" class=\"wp-caption aligncenter\"><a href=\"https:\/\/www.diarioimagen.net\/?attachment_id=500265\" rel=\"attachment wp-att-500265\"><img loading=\"lazy\" decoding=\"async\" aria-describedby=\"caption-attachment-500265\" class=\"size-full wp-image-500265\" src=\"https:\/\/www.diarioimagen.net\/wp-content\/uploads\/2021\/03\/VACUNACION-EDOMEX-1.jpg\" alt=\"\" width=\"460\" height=\"270\" \/><\/a><p id=\"caption-attachment-500265\" class=\"wp-caption-text\">Iniciar\u00e1 en Nezahualc\u00f3yotl la vacunaci\u00f3n este viernes en seis m\u00f3dulos, dos de ellos en la modalidad vehicular, y en Texcoco, el s\u00e1bado, en dos sedes, una a pie y otra vehicular.<\/p><\/div>\n<p>&nbsp;<\/p>\n<p><strong>Toluca, Estado de M\u00e9xico.- <\/strong>Al continuar con la estrategia conjunta de vacunaci\u00f3n implementada por los gobiernos de M\u00e9xico y del Estado de M\u00e9xico, en coordinaci\u00f3n con los ayuntamientos, el viernes 19 de marzo iniciar\u00e1 la inmunizaci\u00f3n de adultos mayores de 60 a\u00f1os en Nezahualc\u00f3yotl y el s\u00e1bado, en Texcoco.<\/p>\n<p>En Nezahualc\u00f3yotl se instalar\u00e1n seis m\u00f3dulos, cuatro de ellos de vacunaci\u00f3n a pie ubicados en la Unidad Administrativa Zona Norte (Avenida Central calle 35 s\/n esquina Avenida 6, colonia Campestre Guadalupana); Explanada del Palacio Municipal (Avenida Chimalhuac\u00e1n s\/n, colonia Benito Ju\u00e1rez); Deportivo Nezahualc\u00f3yotl (Calle San Esteban esquina con calle Sara Garc\u00eda, colonia Ampliaci\u00f3n Vicente Villada) y en la Preparatoria de la Comunidad incorporada a la UAEM (Condesa, calle Aviaci\u00f3n Civil, colonia General Vicente Villada).<\/p>\n<p>Adem\u00e1s de dos m\u00f3dulos de vacunaci\u00f3n en la modalidad vehicular instalados en la Facultad de Estudios Superiores FES-Arag\u00f3n (Avenida Hacienda de Rancho Seco s\/n, colonia Impulsora Popular Av\u00edcola) y en el Deportivo Ciudad Jard\u00edn Bicentenario (Avenida Bordo de Xochiaca s\/n, colonia Ciudad Jard\u00edn).<\/p>\n<p>En Texcoco, ser\u00e1n dispuestos dos m\u00f3dulos de vacunaci\u00f3n, uno a pie en la Unidad Deportiva Silverio P\u00e9rez (San Mateo IV, Texcoco) y otro vehicular en la Plaza Gran Patio Texcoco (Rancho El Palmar, Camino al Molino de las Flores s\/n, colonia Santa Cruz de Arriba).<\/p>\n<p>Los puestos de inmunizaci\u00f3n estar\u00e1n abiertos durante seis d\u00edas; en Nezahualc\u00f3yotl tendr\u00e1n un horario de 09:00 a 17:00 horas y en Texcoco de 08:00 a 17:00 horas. S\u00f3lo podr\u00e1n ser inmunizados los adultos de 60 a\u00f1os o mayores de dichos municipios, presentando el registro del portal <em>https:\/\/mivacuna.salud.gob.mx\/<\/em> m\u00e1s una identificaci\u00f3n oficial.<\/p>\n<p>En caso de no tener este tr\u00e1mite, podr\u00e1n llevar su credencial del INE o del INAPAM, m\u00e1s copia impresa de la CURP. Si llevan una identificaci\u00f3n oficial en la que no aparezca su direcci\u00f3n, deben mostrar adem\u00e1s de la CURP impresa una constancia domiciliaria reciente.<\/p>\n<p>Cabe destacar que para el caso exclusivo de Nezahualc\u00f3yotl, la convocatoria se realizar\u00e1 conforme a la letra inicial del apellido paterno, de acuerdo a la siguiente lista:<\/p>\n<p><strong>Viernes 19<\/strong> de marzo, de la letra A\u00a0 a la E<\/p>\n<p><strong>S\u00e1bado 20 <\/strong>de marzo, de la letra F a la J<\/p>\n<p><strong>Domingo 21 <\/strong>de marzo, de la\u00a0 letra K a la \u00d1<\/p>\n<p><strong>Lunes 22 <\/strong>de marzo, de la letra O a la T<\/p>\n<p><strong>Martes 23<\/strong> de marzo, de la letra U a la Z<\/p>\n<p><strong>Mi\u00e9rcoles 24 <\/strong>de Marzo, todos aquellos adultos mayores que no hayan podido asistir en los d\u00edas anteriores.<\/p>\n<p>Y para proteger la salud de la poblaci\u00f3n se les exhorta a no pernoctar o llegar desde la madrugada a las sedes y, en la medida de lo posible, escalonar su visita para evitar aglomeraciones que pongan en riesgo su salud.<\/p>\n<p>Por \u00faltimo, se destaca la importancia de seguir las medidas preventivas como respetar la sana distancia, usar correctamente el cubrebocas, careta o goggles, haber desayunado correctamente, tomar sus medicamentos si est\u00e1n prescritos por padecer alguna enfermedad, llevar agua, pero sobre todo, evitar compartir informaci\u00f3n no oficial que circula en redes sociales, pues las autoridades difunden datos precisos sobre las jornadas de vacunaci\u00f3n y los municipios donde se llevar\u00e1n a cabo.<\/p>\n","protected":false},"excerpt":{"rendered":"<p>Al continuar con la estrategia conjunta de vacunaci\u00f3n implementada por los gobiernos de M\u00e9xico y del Estado de M\u00e9xico, en coordinaci\u00f3n con los ayuntamientos, el viernes 19 de marzo iniciar\u00e1 la inmunizaci\u00f3n de adultos mayores de 60 a\u00f1os en Nezahualc\u00f3yotl y el s\u00e1bado, en Texcoco.<\/p>\n","protected":false},"author":3,"featured_media":500265,"comment_status":"open","ping_status":"open","sticky":false,"template":"","format":"standard","meta":{"_monsterinsights_skip_tracking":false,"_monsterinsights_sitenote_active":false,"_monsterinsights_sitenote_note":"","_monsterinsights_sitenote_category":0,"footnotes":""},"categories":[5],"tags":[64917,92593,82628,43675,1577,2643],"class_list":["post-500164","post","type-post","status-publish","format-standard","has-post-thumbnail","hentry","category-estado-de-mexico","tag-abuelos","tag-el-sabado-toluca","tag-en-texcoco","tag-estado-de-mexico","tag-nezahualcoyotl","tag-vacunacion"],"_links":{"self":[{"href":"https:\/\/www.diarioimagen.net\/index.php?rest_route=\/wp\/v2\/posts\/500164","targetHints":{"allow":["GET"]}}],"collection":[{"href":"https:\/\/www.diarioimagen.net\/index.php?rest_route=\/wp\/v2\/posts"}],"about":[{"href":"https:\/\/www.diarioimagen.net\/index.php?rest_route=\/wp\/v2\/types\/post"}],"author":[{"embeddable":true,"href":"https:\/\/www.diarioimagen.net\/index.php?rest_route=\/wp\/v2\/users\/3"}],"replies":[{"embeddable":true,"href":"https:\/\/www.diarioimagen.net\/index.php?rest_route=%2Fwp%2Fv2%2Fcomments&post=500164"}],"version-history":[{"count":0,"href":"https:\/\/www.diarioimagen.net\/index.php?rest_route=\/wp\/v2\/posts\/500164\/revisions"}],"wp:featuredmedia":[{"embeddable":true,"href":"https:\/\/www.diarioimagen.net\/index.php?rest_route=\/wp\/v2\/media\/500265"}],"wp:attachment":[{"href":"https:\/\/www.diarioimagen.net\/index.php?rest_route=%2Fwp%2Fv2%2Fmedia&parent=500164"}],"wp:term":[{"taxonomy":"category","embeddable":true,"href":"https:\/\/www.diarioimagen.net\/index.php?rest_route=%2Fwp%2Fv2%2Fcategories&post=500164"},{"taxonomy":"post_tag","embeddable":true,"href":"https:\/\/www.diarioimagen.net\/index.php?rest_route=%2Fwp%2Fv2%2Ftags&post=500164"}],"curies":[{"name":"wp","href":"https:\/\/api.w.org\/{rel}","templated":true}]}}