{"id":500170,"date":"2021-03-18T00:02:51","date_gmt":"2021-03-18T06:02:51","guid":{"rendered":"https:\/\/www.diarioimagen.net\/?p=500170"},"modified":"2021-03-18T03:27:42","modified_gmt":"2021-03-18T09:27:42","slug":"tultitlan-difunde-la-importancia-de-cultura-condominal-para-la-sana-convivencia","status":"publish","type":"post","link":"https:\/\/www.diarioimagen.net\/?p=500170","title":{"rendered":"Tultitl\u00e1n difunde la importancia de cultura condominal, para la sana convivencia"},"content":{"rendered":"<p>&nbsp;<\/p>\n<p><a href=\"https:\/\/www.diarioimagen.net\/?attachment_id=500306\" rel=\"attachment wp-att-500306\"><img loading=\"lazy\" decoding=\"async\" class=\"aligncenter size-full wp-image-500306\" src=\"https:\/\/www.diarioimagen.net\/wp-content\/uploads\/2021\/03\/tultitlan-2.jpg\" alt=\"\" width=\"460\" height=\"270\" \/><\/a><\/p>\n<p>&nbsp;<\/p>\n<p><strong>Tultitl\u00e1n, Estado de M\u00e9xico<\/strong><strong>.- <\/strong>La alcaldesa Elena Garc\u00eda Mart\u00ednez, a trav\u00e9s de la Sindicatura Municipal y en concordancia con la Mesa Arbitral contin\u00faan difundiendo la cultura condominal, para una sana convivencia en este municipio.<\/p>\n<p>En esta ocasi\u00f3n, estuvieron en el fraccionamiento \u201cReal del Bosque, Privada Bosques de Duraznos\u201d.<\/p>\n","protected":false},"excerpt":{"rendered":"<p>La alcaldesa Elena Garc\u00eda Mart\u00ednez, a trav\u00e9s de la Sindicatura Municipal y en concordancia con la Mesa Arbitral contin\u00faan difundiendo la cultura condominal, para una sana convivencia en este municipio.<\/p>\n","protected":false},"author":3,"featured_media":500306,"comment_status":"open","ping_status":"open","sticky":false,"template":"","format":"standard","meta":{"_monsterinsights_skip_tracking":false,"_monsterinsights_sitenote_active":false,"_monsterinsights_sitenote_note":"","_monsterinsights_sitenote_category":0,"footnotes":""},"categories":[5],"tags":[92594,43675,578],"class_list":["post-500170","post","type-post","status-publish","format-standard","has-post-thumbnail","hentry","category-estado-de-mexico","tag-cultura-condominal","tag-estado-de-mexico","tag-tultitlan"],"_links":{"self":[{"href":"https:\/\/www.diarioimagen.net\/index.php?rest_route=\/wp\/v2\/posts\/500170","targetHints":{"allow":["GET"]}}],"collection":[{"href":"https:\/\/www.diarioimagen.net\/index.php?rest_route=\/wp\/v2\/posts"}],"about":[{"href":"https:\/\/www.diarioimagen.net\/index.php?rest_route=\/wp\/v2\/types\/post"}],"author":[{"embeddable":true,"href":"https:\/\/www.diarioimagen.net\/index.php?rest_route=\/wp\/v2\/users\/3"}],"replies":[{"embeddable":true,"href":"https:\/\/www.diarioimagen.net\/index.php?rest_route=%2Fwp%2Fv2%2Fcomments&post=500170"}],"version-history":[{"count":0,"href":"https:\/\/www.diarioimagen.net\/index.php?rest_route=\/wp\/v2\/posts\/500170\/revisions"}],"wp:featuredmedia":[{"embeddable":true,"href":"https:\/\/www.diarioimagen.net\/index.php?rest_route=\/wp\/v2\/media\/500306"}],"wp:attachment":[{"href":"https:\/\/www.diarioimagen.net\/index.php?rest_route=%2Fwp%2Fv2%2Fmedia&parent=500170"}],"wp:term":[{"taxonomy":"category","embeddable":true,"href":"https:\/\/www.diarioimagen.net\/index.php?rest_route=%2Fwp%2Fv2%2Fcategories&post=500170"},{"taxonomy":"post_tag","embeddable":true,"href":"https:\/\/www.diarioimagen.net\/index.php?rest_route=%2Fwp%2Fv2%2Ftags&post=500170"}],"curies":[{"name":"wp","href":"https:\/\/api.w.org\/{rel}","templated":true}]}}