{"id":500206,"date":"2021-03-18T00:04:51","date_gmt":"2021-03-18T06:04:51","guid":{"rendered":"https:\/\/www.diarioimagen.net\/?p=500206"},"modified":"2021-03-18T00:37:55","modified_gmt":"2021-03-18T06:37:55","slug":"la-tercera-ola-de-contagios","status":"publish","type":"post","link":"https:\/\/www.diarioimagen.net\/?p=500206","title":{"rendered":"La tercera ola de contagios"},"content":{"rendered":"<h2>Punto por punto<\/h2>\n<h5>Augusto Corro<\/h5>\n<p>&nbsp;<\/p>\n<p>La pandemia de la Covid-19 contin\u00faa y la tercera ola de contagios nos amenaza. El fin de la peste es incierto.<\/p>\n<p>Ante la llegada de la temporada vacacional ser\u00e1 muy importante que cuidemos la aplicaci\u00f3n de las medidas sanitarias.<\/p>\n<p>La poblaci\u00f3n harta de la pandemia empieza a hacer a un lado las recomendaciones para evitar contagios.\u00a0 Las propias autoridades se hacen bolas en la aplicaci\u00f3n del sem\u00e1foro sanitario.<\/p>\n<p>A\u00fan no se aplica el color verde y ya miles de personas abarrotaron las calles y los lugares p\u00fablicos.<\/p>\n<p>Ante la cercan\u00eda de las vacaciones, incluidos los d\u00edas de la Semana Santa, se empieza a hablar ya de la tercera ola de contagios.<\/p>\n<p>La gente va a descansar a las playas, acude a fiestas y se re\u00fane en lugares p\u00fablicos. Eso provoca que los \u00edndices de contagio se eleven, no importa que se aplique ya la vacuna contra el Covid-19.<\/p>\n<p>M\u00e1s de ciento noventa y cinco mil muertes y una cifra superior a dos millones de contagiados fue el informe sobre las v\u00edctimas de la pandemia el martes pasado.<\/p>\n<p>Esos datos no llevan a reflexionar sobre la necesidad de seguir practicando las medidas sanitarias para evitar la enfermedad viral.<\/p>\n<p><strong><em>DIARIOIMAGEN, <\/em><\/strong>que dirige el periodista Jos\u00e9 Luis Monta\u00f1ez, public\u00f3 ayer una nota que se refiere a la Covid-19 y el desarrollo de la enfermedad.En la informaci\u00f3n se se\u00f1ala que a pesar de la advertencia de las autoridades, sobre el inminente riesgo de una ola de contagios por Covid-19 en nuestro pa\u00eds.<\/p>\n<p>Son varias las razones para que eso ocurra. Entre otras, la actitud de las personas al bajar la guardia frente a los contagios.<\/p>\n<p>Debido a la amenaza de mayor contagio, las autoridades exhortaron a acatar las normas de salud que todos conocemos para contrarrestar la acci\u00f3n de la pandemia.<\/p>\n<p style=\"text-align: center;\"><strong>El trato a Romero Deschamps<\/strong><\/p>\n<p>Poco falt\u00f3 para agradecerle al exdirigente petrolero Carlos Romero Deschamps su presencia en el <em>charrismo<\/em> sindical.<\/p>\n<p>Antier, en la ma\u00f1anera, el presidente L\u00f3pez Obrador anunci\u00f3 el retiro del l\u00edder de su trabajo de Petr\u00f3leos Mexicanos (Pemex).<\/p>\n<p>Dijo el mandatario que Romero Deschamps renunciaba a su condici\u00f3n de trabajador activo de la petrolera.<\/p>\n<p>\u00bfCu\u00e1l era el desempe\u00f1o del l\u00edder como empleado?<\/p>\n<p>Pues servir a los intereses de la empresa durante varios sexenios. Funcionaba como una especie de \u201caviador\u201d, es decir que cobraba sin desempe\u00f1ar ning\u00fan trabajo.<\/p>\n<p>Su funci\u00f3n principal era la pol\u00edtica sindical que llev\u00f3 a cabo durante varios sexenios que le permitieron convertirse en un jeque millonario. Alcanz\u00f3 a ser uno de los l\u00edderes <em>charros<\/em> m\u00e1s ricos en los sexenios recientes, siempre amparado bajo las siglas del Partido Revolucionario Institucional (PRI).<\/p>\n<p>Tambi\u00e9n gracias al apoyo tricolor consigui\u00f3 una curul en la C\u00e1mara de Diputados y un esca\u00f1o en la C\u00e1mara de senadores.<\/p>\n<p>Sin duda alguna, Romero Deschamps representa un adversario de peligro para el gobierno obradorista. De otra manera no se hubiera utilizado la conferencia de la ma\u00f1anera para informar de la renuncia del controvertido dirigente siempre se\u00f1alado como representante de la corrupci\u00f3n sindical.<\/p>\n<p>De todas maneras, los 27 a\u00f1os de sindicalista le permitieron crear una presencia influyente en el sindicato petrolero. Dej\u00f3 la dirigencia, pero mov\u00eda los hilos de la grilla sindical; seg\u00fan se sab\u00eda era el poder tras el trono.<\/p>\n<p>\u00bfQu\u00e9 sigue tras la renuncia de Romero Deschamps? Parece que nada espectacular vendr\u00e1.<\/p>\n<p>\u00bfAlguien sabe en qu\u00e9 terminaron las acusaciones de lavado y enriquecimiento il\u00edcito del l\u00edder <em>charro<\/em>?<\/p>\n<p>De todas maneras, ya se\u00f1alamos en este espacio que los corruptos s\u00f3lo son se\u00f1alados por las autoridades y no son castigados.<\/p>\n<p>A Romero Deschamps le espera una vida plet\u00f3rica de riquezas y de paz, como jeque petrolero que es.<\/p>\n<p>\u00bfUsted qu\u00e9 opina amable lector?<\/p>\n<p><a href=\"mailto:aco2742@hotmail.com\" target=\"_blank\" rel=\"noopener noreferrer\"><em>aco2742@hotmail.com<\/em><\/a><\/p>\n","protected":false},"excerpt":{"rendered":"<p><span style=\"color: #005497;\"><strong>Augusto Corro<\/strong><\/span><\/p>\n","protected":false},"author":3,"featured_media":0,"comment_status":"open","ping_status":"open","sticky":false,"template":"","format":"standard","meta":{"_monsterinsights_skip_tracking":false,"_monsterinsights_sitenote_active":false,"_monsterinsights_sitenote_note":"","_monsterinsights_sitenote_category":0,"footnotes":""},"categories":[157],"tags":[43686,43674,11515],"class_list":["post-500206","post","type-post","status-publish","format-standard","hentry","category-augusto-corro","tag-augusto-corro","tag-opinion","tag-punto-por-punto"],"_links":{"self":[{"href":"https:\/\/www.diarioimagen.net\/index.php?rest_route=\/wp\/v2\/posts\/500206","targetHints":{"allow":["GET"]}}],"collection":[{"href":"https:\/\/www.diarioimagen.net\/index.php?rest_route=\/wp\/v2\/posts"}],"about":[{"href":"https:\/\/www.diarioimagen.net\/index.php?rest_route=\/wp\/v2\/types\/post"}],"author":[{"embeddable":true,"href":"https:\/\/www.diarioimagen.net\/index.php?rest_route=\/wp\/v2\/users\/3"}],"replies":[{"embeddable":true,"href":"https:\/\/www.diarioimagen.net\/index.php?rest_route=%2Fwp%2Fv2%2Fcomments&post=500206"}],"version-history":[{"count":0,"href":"https:\/\/www.diarioimagen.net\/index.php?rest_route=\/wp\/v2\/posts\/500206\/revisions"}],"wp:attachment":[{"href":"https:\/\/www.diarioimagen.net\/index.php?rest_route=%2Fwp%2Fv2%2Fmedia&parent=500206"}],"wp:term":[{"taxonomy":"category","embeddable":true,"href":"https:\/\/www.diarioimagen.net\/index.php?rest_route=%2Fwp%2Fv2%2Fcategories&post=500206"},{"taxonomy":"post_tag","embeddable":true,"href":"https:\/\/www.diarioimagen.net\/index.php?rest_route=%2Fwp%2Fv2%2Ftags&post=500206"}],"curies":[{"name":"wp","href":"https:\/\/api.w.org\/{rel}","templated":true}]}}