{"id":500225,"date":"2021-03-18T00:12:09","date_gmt":"2021-03-18T06:12:09","guid":{"rendered":"https:\/\/www.diarioimagen.net\/?p=500225"},"modified":"2021-03-18T00:50:49","modified_gmt":"2021-03-18T06:50:49","slug":"romero-deschamps-amlo-y-la-ingenuidad","status":"publish","type":"post","link":"https:\/\/www.diarioimagen.net\/?p=500225","title":{"rendered":"Romero Deschamps, AMLO y la ingenuidad"},"content":{"rendered":"<h2>Tras la puerta del poder<\/h2>\n<h5>Roberto Vizca\u00edno<\/h5>\n<p>&nbsp;<\/p>\n<blockquote>\n<p style=\"text-align: right;\"><em>Con un fuerte abrazo solidario para<br \/>\n<strong>Manlio Fabio Beltrones<\/strong> por la p\u00e9rdida de su esposa<\/em><\/p>\n<\/blockquote>\n<p>&nbsp;<\/p>\n<p>La \u201cnoticia\u201d fue ayer no s\u00f3lo <strong><em>de 8<\/em><\/strong> -o de primera plana- en casi todos los diarios en la Ciudad de M\u00e9xico, sino centro de atenci\u00f3n presidencial en la ma\u00f1anera: \u201cyo le ped\u00ed irse\u201d, revel\u00f3 <strong>Andr\u00e9s Manuel L\u00f3pez Obrador<\/strong>.<\/p>\n<p>Un exhorto un a\u00f1o antes hab\u00eda alejado a <strong>Carlos Romero Deschamps<\/strong> del liderazgo formal del sindicato petrolero\u2026 no del real.<\/p>\n<p>El traspaso de la dirigencia gremial se realiz\u00f3 el 16 de octubre de 2019 entonces sin mayores cambios ni en las formas, ni en la cultura sindical petrolera, ni en la red de poder dentro de Pemex.<\/p>\n<p>\u00c9l qued\u00f3 como un trabajador m\u00e1s dentro de la paraestatal. Aunque todos sab\u00edan que era el que mandaba entre los petroleros.<\/p>\n<p>Lo hac\u00eda con bajo perfil, sin hacer olas, a trav\u00e9s de <strong>Manuel Lim\u00f3n Hern\u00e1ndez,<\/strong> quien fue designado por \u00e9l como su sucesor legal en cargo que \u00e9l hab\u00eda ocupado durante los 26 a\u00f1os anteriores.<\/p>\n<p>En ese lapso, <strong>Romero Deschamps<\/strong> convivi\u00f3 con 5 Presidentes, estuvo a punto de ir a la c\u00e1rcel por el <em>Pemexgate,<\/em> enfrent\u00f3 la bonanza y el declive petrolero -afiliado al PRI desde 1961-, fue 3 veces diputado federal y en 2 ocasiones senador, la m\u00e1s reciente apenas en la anterior legislatura comandada por <strong>Emilio Gamboa<\/strong> en el sexenio de <strong>Enrique Pe\u00f1a Nieto<\/strong>. A San L\u00e1zaro y al Senado lleg\u00f3 siempre por la v\u00eda plurinominal.<\/p>\n<p><strong>Romero Deschamps<\/strong> ingres\u00f3 a Pemex como trabajador formal en 1969 y desde entonces estuvo cerca no s\u00f3lo de su dirigencia sindical, especialmente la que encabez\u00f3 emblem\u00e1ticamente <strong>Joaqu\u00edn Hern\u00e1ndez Galicia<\/strong>, <strong><em>La Quina<\/em><\/strong>, sino de las estructuras de sus m\u00e1s de 30 secciones.<\/p>\n<p>Con 52 a\u00f1os dentro de Pemex y 26 como l\u00edder, <strong>Romero Deschamps<\/strong> ser\u00e1 quien mande dentro del gremio petrolero a\u00fan si muriera.<\/p>\n<p>Domina a los petroleros aunque no quisiera hacerlo. Por eso es m\u00e1s que una ingenuidad -dig\u00e1moslo como es: pendejez se llama eso-, exhortarlo a jubilarse. \u00c9l es quien tiene en sus manos los hilos de todo en la paraestatal. No hay quien desde la estructura de mando administrativo ejerza un control como \u00e9l. Si quisiera, <strong>Romero Deschamps<\/strong> hundir\u00eda a Pemex en el caos. Y echar\u00eda a la basura los proyectos energ\u00e9ticos de <strong>AMLO<\/strong>.<\/p>\n<p>Pero su historia es de <strong><em>no confrontaci\u00f3n<\/em><\/strong>. Nunca hasta hoy se ha ido a la guerra. Ni siquiera cuando lo del <em>Pemexgate<\/em>. Tiene la experiencia de lo que ocurri\u00f3 con <strong><em>La Quina<\/em><\/strong>.<\/p>\n<p>Sin embargo, con casi 80 a\u00f1os cumplidos, hay que decir que el sentido de sobrevivencia es muy fuerte en todas las personas.<\/p>\n<p>Quiero creer que el primero que sabe todo esto es <strong>L\u00f3pez Obrador<\/strong>. Por eso en lugar de procesarlo, de encarcelarlo, lo exhorta a jubilarse. Dec\u00eda mi abuela que \u201c<strong><em>no hay loco que coma lumbre<\/em><\/strong>\u201d.<\/p>\n<p style=\"text-align: center;\"><strong>Y sac\u00f3 otra\u2026<\/strong><\/p>\n<p><strong>Ricardo Monreal<\/strong> la volvi\u00f3 a hacer. Ayer, la aprobaci\u00f3n en lo general en el Pleno, logr\u00f3 la aprobaci\u00f3n en lo general de la Ley Org\u00e1nica de la Fiscal\u00eda General de la Rep\u00fablica.<\/p>\n<p>El presidente de la Junta de Coordinaci\u00f3n Pol\u00edtica del Senado sum\u00f3 acuerdos entre todas las fracciones para alcanzar por poco una votaci\u00f3n casi un\u00e1nime: 118 votos a favor\u2026 s\u00f3lo el senador independiente <strong>Emilio \u00c1lvarez Icaza<\/strong> lo hizo en contra.<\/p>\n<p>El nuevo ordenamiento contiene innovaciones como el que ya no ser\u00e1 a invitaci\u00f3n, sino de manera permanente y fija, la presencia de la FGR en los mecanismos y comisiones nacionales en materia de Derechos Humanos<\/p>\n<p>Pero por el momento que vive el movimiento feminista y los reclamos persistentes de las mujeres, cobra especial relevancia que en esta nueva ley se contempla la creaci\u00f3n de la Fiscal\u00eda Especializada en Delitos de Violencia contra las Mujeres y Trata de Personas, temas ambos por dem\u00e1s pol\u00e9micos que adem\u00e1s enmarca la atenci\u00f3n a la justa demanda de las personas desaparecidas en el pa\u00eds.<\/p>\n<p>El punto nodal, indic\u00f3 el zacatecano, es acercar la justicia y la verdad que la sociedad reclama.<\/p>\n<p style=\"text-align: center;\"><strong>Puntos sobresalientes<\/strong><\/p>\n<p>La nueva Ley Org\u00e1nica de la Fiscal\u00eda General de la Rep\u00fablica dota a esta instituci\u00f3n de una estructura org\u00e1nica funcional y establece que no deber\u00e1 ser invitada para permanecer de manera fija en los mecanismos y comisiones nacionales en materia de derechos humanos.<\/p>\n<p>Y como ya mencionamos se crea la Fiscal\u00eda Especializada en Delitos de Violencia contra las Mujeres y Trata de Personas.<\/p>\n<p>&#8211; La Fiscal\u00eda General participar\u00e1 activamente en responder a las justas exigencias de las familias de personas desaparecidas en el pa\u00eds, para acercarlas a la verdad y a la justicia que reclaman.<\/p>\n<p>&#8211; La Fiscal\u00eda General de la Rep\u00fablica, sin duda, quedar\u00e1 establecida como un \u00f3rgano aut\u00f3nomo, abanderando la verdad y la justicia.<\/p>\n<p>&#8211; Mediante una agenda en la que todos los grupos parlamentarios estuvieron de acuerdo, se modific\u00f3 el Dictamen de las Comisiones Unidas de Justicia y de Estudios Legislativos, Segunda, por el que se expide la Ley de la Fiscal\u00eda General de la Rep\u00fablica.<\/p>\n<p>&#8211; La nueva ley establece de forma precisa, las facultades y obligaciones para la FGR, su titular, el Ministerio P\u00fablico de la Federaci\u00f3n y sus auxiliares; a diferencia de la actual ley, que carece de tales elementos, atribuye facultades de forma confusa, contradictoria y repetitiva a \u00f3rganos de la estructura.<\/p>\n<p>&#8211; Esta ley, reconoce el principio de libre configuraci\u00f3n de los \u00f3rganos constitucionales, lo que permite realizar ajustes conforme evolucione la Fiscal\u00eda.<\/p>\n<p>&#8211; Tambi\u00e9n reconoce dos pilares para la atenci\u00f3n de los asuntos: la competencia del Ministerio P\u00fablico de la Federaci\u00f3n, la especializaci\u00f3n y la desconcentraci\u00f3n regional. Porque prev\u00e9 tanto unidades especializadas como un esquema de organizaci\u00f3n regional.<\/p>\n<p>&#8211; La nueva Ley Org\u00e1nica de la FGR prev\u00e9 que la elecci\u00f3n del fiscal ser\u00e1 por terna, en la que el Presidente de la Rep\u00fablica har\u00e1 propuestas de ambos g\u00e9neros y el Senado har\u00e1 su designaci\u00f3n.<\/p>\n<p>&#8211; El fiscal s\u00f3lo podr\u00e1 ser removido por el titular del Ejecutivo federal y est\u00e1 obligado a presentar al inicio del segundo periodo ordinario de sesiones del Congreso de la Uni\u00f3n un informe p\u00fablico anual sobre avances y resultados de su gesti\u00f3n.<\/p>\n<p>&#8211; Podr\u00e1 renunciar al cargo, pero el Senado tendr\u00e1 que calificar la gravedad para que proceda o no.<\/p>\n<p>Precisa los alcances de la intervenci\u00f3n de las polic\u00edas y regula la participaci\u00f3n del Ministerio P\u00fablico de la Federaci\u00f3n respecto a la preparaci\u00f3n y al ejercicio de la acci\u00f3n de extinci\u00f3n de dominio.<\/p>\n<p>&#8211; Sienta los principios de un modelo de gesti\u00f3n conformado por equipos que colaboren de forma flexible y eficiente, conforme a planes de investigaci\u00f3n que lleven a la pronta soluci\u00f3n de los conflictos.<\/p>\n<p>&#8211; Da relevancia a la calidad y celeridad en la atenci\u00f3n de los usuarios, mediante un mecanismo de ventanilla \u00fanica. Adem\u00e1s, se crean comisiones especiales de car\u00e1cter temporal, que gozar\u00e1n de autonom\u00eda t\u00e9cnica y de gesti\u00f3n para colaborar en las investigaciones de fen\u00f3menos delictivos del orden federal.<\/p>\n<p>&#8211; Se otorgar\u00e1n recompensas en un solo pago o en exhibiciones peri\u00f3dicas a aquellas personas que aporten informaci\u00f3n \u00fatil relacionada con las investigaciones que se realicen, as\u00ed como aquellas que colaboren en la localizaci\u00f3n y detenci\u00f3n de personas.<\/p>\n<p>&#8211; Prev\u00e9 expresamente los mecanismos de colaboraci\u00f3n y coordinaci\u00f3n entre el Ministerio P\u00fablico de la Federaci\u00f3n, otros entes p\u00fablicos y particulares, necesarios para la investigaci\u00f3n de hechos delictivos, en lo cual es omisa la ley actual.<\/p>\n<p>&#8211; Dispone la creaci\u00f3n de un sistema de informaci\u00f3n nacional interoperable, que servir\u00e1 a las instituciones de procuraci\u00f3n de justicia tanto para la investigaci\u00f3n de hechos delictivos, como para la definici\u00f3n de pol\u00edticas y estrategias en el combate de delitos, que permitir\u00e1 acceder a la investigaci\u00f3n, a grandes vol\u00famenes de datos que inundan a la realidad del siglo XXI, necesidad de la investigaci\u00f3n moderna de los hechos delictivos, que es ignorada por la ley vigente.<\/p>\n<p>&#8211; Fija bases suficientes para un Servicio Profesional de Carrera en todas sus etapas, especificando claramente requisitos de ingreso, permanencia y terminaci\u00f3n; para garantizar que se cuente en el futuro con el personal id\u00f3neo para las funciones institucionales. Estableciendo mecanismos de certificaci\u00f3n correspondiente a la autonom\u00eda de la Fiscal\u00eda General de la Rep\u00fablica.<\/p>\n<p>&#8211; Prev\u00e9 un r\u00e9gimen especial de responsabilidades administrativas para el Ministerio P\u00fablico de la Federaci\u00f3n y sus auxiliares, al ser insuficiente el previsto en la Ley General de Responsabilidades Administrativas en contra de la omisi\u00f3n absoluta en la ley vigente.<\/p>\n<p>&#8211; Crea disposiciones sobre el patrimonio, presupuesto y contrataci\u00f3n p\u00fablica de la Fiscal\u00eda, que son acordes con su actividad como \u00f3rgano constitucional aut\u00f3nomo, y que son soslayadas por la ley vigente, y;<\/p>\n<p>&#8211; Establece un plan estrat\u00e9gico de procuraci\u00f3n de justicia por medio del cual se determinar\u00e1n las estrategias y objetivos para que las investigaciones y persecuci\u00f3n del delito, mediante fundado en la eficacia institucional, sea en contra de una situaci\u00f3n muy clara que nos agobia en este momento con el aumento del crimen organizado, y que \u00e9ste es un instrumento eficaz para poder generar una reacci\u00f3n conveniente, desde el punto de vista institucional y atendiendo el principio de legalidad.<\/p>\n<p><em><a href=\"mailto:rvizcainoa@gmail.com\" target=\"_blank\" rel=\"noopener noreferrer\">rvizcainoa@gmail.com<\/a><br \/>\n<u><a href=\"http:\/\/endirecto.mx\" target=\"_blank\" rel=\"noopener noreferrer\">www.endirecto.mx<\/a><br \/>\n<a href=\"https:\/\/twitter.com\/_rvizcaino\" target=\"_blank\" rel=\"noopener noreferrer\">@_RVizcaino<\/a><br \/>\n<a href=\"https:\/\/www.facebook.com\/rvizcainoa\" target=\"_blank\" rel=\"noopener noreferrer\">facebook.com\/rvizcainoa<\/a><\/u><\/em><\/p>\n","protected":false},"excerpt":{"rendered":"<p><span style=\"color: #005497;\"><strong>Roberto Vizca\u00edno<\/strong><\/span><br \/>\n<br \/>\nLa \u201cnoticia\u201d fue ayer no s\u00f3lo <strong><em>de 8<\/em><\/strong> -o de primera plana- en casi todos los diarios en la Ciudad de M\u00e9xico, sino centro de atenci\u00f3n presidencial en la ma\u00f1anera: \u201cyo le ped\u00ed irse\u201d, revel\u00f3 <strong>Andr\u00e9s Manuel L\u00f3pez Obrador<\/strong>.<\/p>\n","protected":false},"author":3,"featured_media":0,"comment_status":"open","ping_status":"open","sticky":false,"template":"","format":"standard","meta":{"_monsterinsights_skip_tracking":false,"_monsterinsights_sitenote_active":false,"_monsterinsights_sitenote_note":"","_monsterinsights_sitenote_category":0,"footnotes":""},"categories":[136],"tags":[43674,93,94],"class_list":["post-500225","post","type-post","status-publish","format-standard","hentry","category-roberto-vizcaino-opinion","tag-opinion","tag-roberto-vizcaino","tag-tras-la-puerta-del-poder"],"_links":{"self":[{"href":"https:\/\/www.diarioimagen.net\/index.php?rest_route=\/wp\/v2\/posts\/500225","targetHints":{"allow":["GET"]}}],"collection":[{"href":"https:\/\/www.diarioimagen.net\/index.php?rest_route=\/wp\/v2\/posts"}],"about":[{"href":"https:\/\/www.diarioimagen.net\/index.php?rest_route=\/wp\/v2\/types\/post"}],"author":[{"embeddable":true,"href":"https:\/\/www.diarioimagen.net\/index.php?rest_route=\/wp\/v2\/users\/3"}],"replies":[{"embeddable":true,"href":"https:\/\/www.diarioimagen.net\/index.php?rest_route=%2Fwp%2Fv2%2Fcomments&post=500225"}],"version-history":[{"count":0,"href":"https:\/\/www.diarioimagen.net\/index.php?rest_route=\/wp\/v2\/posts\/500225\/revisions"}],"wp:attachment":[{"href":"https:\/\/www.diarioimagen.net\/index.php?rest_route=%2Fwp%2Fv2%2Fmedia&parent=500225"}],"wp:term":[{"taxonomy":"category","embeddable":true,"href":"https:\/\/www.diarioimagen.net\/index.php?rest_route=%2Fwp%2Fv2%2Fcategories&post=500225"},{"taxonomy":"post_tag","embeddable":true,"href":"https:\/\/www.diarioimagen.net\/index.php?rest_route=%2Fwp%2Fv2%2Ftags&post=500225"}],"curies":[{"name":"wp","href":"https:\/\/api.w.org\/{rel}","templated":true}]}}