{"id":500358,"date":"2021-03-19T00:09:35","date_gmt":"2021-03-19T06:09:35","guid":{"rendered":"https:\/\/www.diarioimagen.net\/?p=500358"},"modified":"2021-03-22T00:19:30","modified_gmt":"2021-03-22T06:19:30","slug":"criminal-corrupcion-en-salud","status":"publish","type":"post","link":"https:\/\/www.diarioimagen.net\/?p=500358","title":{"rendered":"Criminal corrupci\u00f3n en Salud"},"content":{"rendered":"<h2>Poder y dinero<\/h2>\n<h5>V\u00edctor S\u00e1nchez Ba\u00f1os<\/h5>\n<p>&nbsp;<\/p>\n<ul>\n<li><strong><em>M\u00e9xico, sin protocolos preventivos<\/em><\/strong><\/li>\n<li><strong><em>Cofepris aprueba pruebas PCR \u201cpirata\u201d<br \/>\n<\/em><\/strong><\/li>\n<li><strong><em>4T, L\u00f3pez-Gatell, descuidos mortales<\/em><\/strong><\/li>\n<li><strong><em>Linchamiento de jueces, peligroso<\/em><\/strong><\/li>\n<\/ul>\n<p>&nbsp;<\/p>\n<p style=\"text-align: right;\"><em>Los hombres, tal como son, se inclinan por naturaleza a ir en pos<br \/>\ndel dinero o del poder, y del poder porque vale tanto como el dinero<br \/>\n<\/em><strong>Emerson<\/strong> (1803-1882) Poeta y pensador estadounidense<\/p>\n<p>&nbsp;<\/p>\n<p>\u00bfC\u00f3mo vamos a tener confianza en un gobierno que por descuido, razones ideol\u00f3gicas o electorales, incompetencia, indolencia, no cumple con los protocolos m\u00e1s simples y de sentido com\u00fan para cuidar la salud de 127 millones de mexicanos?<\/p>\n<p>Han muerto, oficialmente, 200 mil personas que no deb\u00edan haber fallecido por Covid19. Los datos que ofrece otra instancia gubernamental, como el Inegi, ofrece cifras m\u00e1s cre\u00edbles, que rondan por el medio mill\u00f3n de muertes que est\u00e1n fuera de la tendencia estad\u00edstica. O sea, medio mill\u00f3n de mexicanos han muerto y la cifra sigue en incremento.<\/p>\n<p>Esto, sin contar el abultado n\u00famero de contagiados, muchos de ellos, m\u00e1s de 2 millones que son atendidos con gravedad en hospitales y de los cuales el gobierno, concretamente la Secretar\u00eda de Salud, lleva una mediana estad\u00edstica.<\/p>\n<p>El resto, otros 2 o 3 millones se atienden en sus casas y, sobre ello, no hay un dato confiable, ya que los m\u00e9dicos no tienen a quien reportar los enfermos que sufren los embates del Sars-coV-2 (Covid19) en sus domicilios.<\/p>\n<p>En estad\u00edstica Salud, y en especial el responsable de la estrategia contra la enfermedad en el pa\u00eds, el subsecretario Hugo L\u00f3pez, est\u00e1 reprobado.<\/p>\n<p>Pero, lo peor del caso es que esto tiene un origen de ocultamiento de informaci\u00f3n, para no mostrar sus deficiencias, incapacidades y, sobre todo, la manipulaci\u00f3n electoral y pol\u00edtica que le quieren dar a la pandemia.<\/p>\n<p>La lista de irracionalidades en el manejo de la salud, se inicia al no querer poner controles sanitarios en los puertos y aeropuertos. A M\u00e9xico entraban enfermos como si fuera su casa. No establecieron protocolos para confinar a cuarentenas a los enfermos o sospechosos. Despu\u00e9s se negaron a comprar pruebas, porque \u201ceran muy caras\u201d. Por ello, no se sab\u00eda de casos asintom\u00e1ticos que eran reservorios mortales.<\/p>\n<p>Lo peor del caso es que se neg\u00f3 Hugo L\u00f3pez-Gatell a hacer obligatorio el uso de cubrebocas, que desde el siglo pasado es considerada la mejor herramienta para disminuir los casos.<\/p>\n<p>A un a\u00f1o del primer muerto por Covid-19, el gobierno sigue con la peor de las estrategias. Eso s\u00ed, tiene un pueblo temeroso a morir por esa pandemia; un pueblo que sufre el impacto econ\u00f3mico, ya que no se le proporcionaron herramientas, o cuando menos cr\u00e9ditos, para subsistir esa terrible crisis.<\/p>\n<p>Para acabarla de amolar, no s\u00f3lo son incompetentes y criminalmente indolentes, sino tambi\u00e9n corruptos. Autorizaron a decenas de laboratorios para aplicar las pruebas PCR para detectar la Covid a viajeros. Y, estos laboratorios, entregaban pruebas \u201cpirata\u201d, con falsos resultados negativos.<\/p>\n<p>Aunque no es un fen\u00f3meno privativo de M\u00e9xico, ya que ocurre en otras naciones de Am\u00e9rica Latina, no debemos caer en la zona de confort del \u201cmal de muchos, consuelo de tontos\u201d. La vida cambi\u00f3 en millones de mexicanos, gracias al doctor en filosof\u00eda, Hugo L\u00f3pez-Gatell.<\/p>\n<p style=\"text-align: center;\"><strong>PODEROSOS CABALLEROS<\/strong><\/p>\n<p><strong>ACOSO A JUECES: <\/strong>No es la primera vez en este sexenio en que los jueces, al tomar una decisi\u00f3n que no est\u00e1 alineada a los deseos del gobierno, son v\u00edctimas de presiones. No son privativas de la 4T, sino que las vimos al paso del tiempo en que muchos presidentes de la Corte, se han enfrentado con energ\u00eda al Presidente de la Rep\u00fablica. A estos no les gusta que los cuestionen en sus decisiones. Quieren hacer y deshacer como si fuera due\u00f1os de una naci\u00f3n y sus habitantes. Actualmente, no es s\u00f3lo la contrarreforma energ\u00e9tica, sino varias medidas adoptadas por el gobierno que tienen derecho al amparo de la justicia. El Amparo, desde que era estudiante de Derecho en la UNAM, es una garant\u00eda que no les deja gobernar a su antojo a los Presidentes de la Rep\u00fablica. Pero, es la \u00fanica herramienta de defensa de los mexicanos frente a un frenes\u00ed de poder y dinero de los potentados que tienen el poder prestado en el pa\u00eds. A los jueces deben dejarlos actuar en libertad. Hay varias instancias para discutir la verdad jur\u00eddica de todas las partes afectadas por una decisi\u00f3n gubernamental. Esa es la justicia. Lo que quieren los gobernantes es el poder total, que corrompe totalmente. El juez Juan Pablo G\u00f3mez Fierro, que concedi\u00f3 las suspensiones contra la reforma energ\u00e9tica, es v\u00edctima de acoso y persecuci\u00f3n, no s\u00f3lo de AMLO, sino de grupos acarreados de dirigentes de Morena. Es muy grave. As\u00ed empez\u00f3 Venezuela y vean como est\u00e1 acabando: sin libertades de los muy pobres, pobres y ricos.<\/p>\n<p style=\"text-align: center;\"><strong>RESPONSABILIDAD SOCIAL CORPORATIVA <\/strong><\/p>\n<p><strong>BBVA: <\/strong>BBVA M\u00e9xico, que preside Eduardo Osuna, colocar\u00e1 m\u00e1s de 30 mil hipotecas en 2021 con m\u00e1s de 62 mil millones de pesos para cr\u00e9ditos hipotecarios y promotor. De esta manera, coloca una de cada cuatro hipotecas en el mercado y cuenta con una participaci\u00f3n de mercado del 22.5%, con una tasa del 7.9%. Durante el confinamiento enfoc\u00f3 recursos al desarrollo de soluciones digitales que permiten la calificaci\u00f3n, aprobaci\u00f3n y seguimiento del cr\u00e9dito de forma remota.<\/p>\n<p>&nbsp;<\/p>\n<blockquote>\n<p style=\"text-align: right;\"><strong>Esc\u00fachame de lunes a viernes, de 21 a 22 horas,<br \/>\nen \u201cV\u00edctor S\u00e1nchez Ba\u00f1os en MVS\u201d<\/strong><\/p>\n<\/blockquote>\n<p>&nbsp;<\/p>\n<p><a href=\"https:\/\/mvsnoticias.com\/\" target=\"_blank\" rel=\"noopener noreferrer\"><em>MVSnoticias.com<\/em><\/a><br \/>\n<a href=\"http:\/\/poderydinero.mx\" target=\"_blank\" rel=\"noopener noreferrer\"><em>poderydinero.mx<\/em><\/a><em><b><br \/>\n<\/b><a href=\"mailto:vsb@poderydinero.mx\" target=\"_blank\" rel=\"noopener noreferrer\">vsb@poderydinero.mx<\/a><a href=\"mailto:vsanchezb@gmail.com\" target=\"_blank\" rel=\"noopener noreferrer\"><br \/>\n<\/a><strong>Twitter:<\/strong><a href=\"https:\/\/twitter.com\/vsanchezbanos\" target=\"_blank\" rel=\"noopener noreferrer\">@vsanchezbanos<br \/>\n<\/a><strong>Facebook: <\/strong><a href=\"https:\/\/www.facebook.com\/vsanchezbanos?fref=ts\" target=\"_blank\" rel=\"noopener noreferrer\">vsanchezbanos<\/a><\/em><\/p>\n","protected":false},"excerpt":{"rendered":"<p><span style=\"color: #005497;\"><strong>S\u00f3crates A. Campos Lemus<\/strong><\/span><\/p>\n","protected":false},"author":3,"featured_media":0,"comment_status":"open","ping_status":"open","sticky":false,"template":"","format":"standard","meta":{"_monsterinsights_skip_tracking":false,"_monsterinsights_sitenote_active":false,"_monsterinsights_sitenote_note":"","_monsterinsights_sitenote_category":0,"footnotes":""},"categories":[38844],"tags":[43674,38847,38848],"class_list":["post-500358","post","type-post","status-publish","format-standard","hentry","category-victor-sanchez-banos","tag-opinion","tag-poder-y-dinero","tag-victor-sanchez-banos"],"_links":{"self":[{"href":"https:\/\/www.diarioimagen.net\/index.php?rest_route=\/wp\/v2\/posts\/500358","targetHints":{"allow":["GET"]}}],"collection":[{"href":"https:\/\/www.diarioimagen.net\/index.php?rest_route=\/wp\/v2\/posts"}],"about":[{"href":"https:\/\/www.diarioimagen.net\/index.php?rest_route=\/wp\/v2\/types\/post"}],"author":[{"embeddable":true,"href":"https:\/\/www.diarioimagen.net\/index.php?rest_route=\/wp\/v2\/users\/3"}],"replies":[{"embeddable":true,"href":"https:\/\/www.diarioimagen.net\/index.php?rest_route=%2Fwp%2Fv2%2Fcomments&post=500358"}],"version-history":[{"count":0,"href":"https:\/\/www.diarioimagen.net\/index.php?rest_route=\/wp\/v2\/posts\/500358\/revisions"}],"wp:attachment":[{"href":"https:\/\/www.diarioimagen.net\/index.php?rest_route=%2Fwp%2Fv2%2Fmedia&parent=500358"}],"wp:term":[{"taxonomy":"category","embeddable":true,"href":"https:\/\/www.diarioimagen.net\/index.php?rest_route=%2Fwp%2Fv2%2Fcategories&post=500358"},{"taxonomy":"post_tag","embeddable":true,"href":"https:\/\/www.diarioimagen.net\/index.php?rest_route=%2Fwp%2Fv2%2Ftags&post=500358"}],"curies":[{"name":"wp","href":"https:\/\/api.w.org\/{rel}","templated":true}]}}