{"id":500366,"date":"2021-03-19T00:01:50","date_gmt":"2021-03-19T06:01:50","guid":{"rendered":"https:\/\/www.diarioimagen.net\/?p=500366"},"modified":"2021-03-19T04:42:04","modified_gmt":"2021-03-19T10:42:04","slug":"bruselas-lanza-propuesta-certificado-verde-digital-para-que-haya-libre-circulacion-en-la-ue","status":"publish","type":"post","link":"https:\/\/www.diarioimagen.net\/?p=500366","title":{"rendered":"Bruselas lanza propuesta: \u201cCertificado Verde Digital\u201d para que haya libre circulaci\u00f3n en la UE"},"content":{"rendered":"<h2>De cinco estrellas<\/h2>\n<h5>Victoria Gonz\u00e1lez Prado<\/h5>\n<p><strong>\u00a0<\/strong><\/p>\n<ul>\n<li><strong><em>Reconocen la oferta gastron\u00f3mica y a dos chefs \u2014Carlos Gayt\u00e1n y Miguel Bautista\u2014 del Hotel Xcaret M\u00e9xico<\/em><\/strong><\/li>\n<li><strong><em>Presentan <\/em>Houston, The Color Factory<em> \u2014experiencia art\u00edstica colaborativa y multisensorial\u2014 inspirada en los colores de ciudad<\/em><\/strong><\/li>\n<\/ul>\n<p>&nbsp;<\/p>\n<div id=\"attachment_500487\" style=\"width: 470px\" class=\"wp-caption aligncenter\"><a href=\"https:\/\/www.diarioimagen.net\/?attachment_id=500487\" rel=\"attachment wp-att-500487\"><img loading=\"lazy\" decoding=\"async\" aria-describedby=\"caption-attachment-500487\" class=\"size-full wp-image-500487\" src=\"https:\/\/www.diarioimagen.net\/wp-content\/uploads\/2021\/03\/turismo-6.jpg\" alt=\"\" width=\"460\" height=\"369\" \/><\/a><p id=\"caption-attachment-500487\" class=\"wp-caption-text\">Est\u00e1 por aprobarse el \u201cCertificado Verde Digital\u201d.<\/p><\/div>\n<p>&nbsp;<\/p>\n<p>Bruselas es \u201cCapital de Europa\u201d por ser el asiento oficial de las principales instituciones de la Uni\u00f3n Europea. El mi\u00e9rcoles pasado, en esta ciudad se lanz\u00f3, como propuesta, el certificado de vacunaci\u00f3n del Covid-19, al que denominaron \u201cCertificado Verde Digital\u201d que contiene c\u00f3digo QR y tiene como finalidad evitar largas cuarentenas y \u201cfacilitar el turismo en verano\u201d.<\/p>\n<p>Aunque a\u00fan no est\u00e1 aprobado, pues deber\u00e1 obtener la aceptaci\u00f3n de los gobiernos y del Parlamento Europeo, creen que tendr\u00eda que ponerse en marcha un mecanismo inform\u00e1tico para que sea posible su emisi\u00f3n y lectura en todos los pa\u00edses de la Uni\u00f3n Europea (UE) antes de entrar en vigor.<\/p>\n<p>La aprobaci\u00f3n y los mecanismos para que funcione en los pa\u00edses de la Uni\u00f3n Europea tendr\u00edan que estar listos en tres meses, tiempo en el que el \u201cCertificado Verde Digital\u201c deber\u00e1 estar aprobado, dise\u00f1ado e implantado. Y todav\u00eda no hay unanimidad entre los 27 pa\u00edses miembros de la (UE) por lo que todav\u00eda falta matizar algunos aspectos esenciales.<\/p>\n<p>\u201cSi un Estado miembro acepta la prueba de vacunaci\u00f3n para levantar las restricciones a la libre circulaci\u00f3n\u201d, explica la Comisi\u00f3n Europea, \u201ctendr\u00e1 que aceptar la prueba de vacunaci\u00f3n emitida por otro Estado miembro en relaci\u00f3n con las vacunas que hayan recibido la autorizaci\u00f3n de comercializaci\u00f3n de la UE. Los Estados miembros tendr\u00e1n la opci\u00f3n de ampliarlo a los viajeros que reciban otras vacunas (como la Sputnik V). Al viajar, todo titular del Certificado Verde Digital tendr\u00e1 los mismos derechos que los ciudadanos del Estado miembro visitado que hayan sido vacunados, tengan prueba PCR o hayan pasado el coronavirus.<\/p>\n<p>El \u201cCertificado Verde Digital\u201d debe buscar facilidad de viajar dentro de la Uni\u00f3n Europea y tiene como objetivo facilitar la libre circulaci\u00f3n -dentro de la UE- y la flexibilizaci\u00f3n de las restricciones actuales, no restringir los derechos a la libre circulaci\u00f3n y el derecho a viajar\u201d.<\/p>\n<p>Otro de los aspectos importantes del certificado es su funcionamiento y sistemas de verificaci\u00f3n. Se trata de un simple QR que incluye firma digital para su verificaci\u00f3n. Sistema de protecci\u00f3n para evitar posible falsificaci\u00f3n.<\/p>\n<p>\u2730\u2730\u2730\u2730\u2730 <strong>Marco Beteta<\/strong> reconoci\u00f3, por primera vez, al restaurante Ha\u2019 en La gu\u00eda de destinos MB 2020, gracias a sus altos est\u00e1ndares de calidad y servicio, que se han mantenido desde su apertura en 2018.<\/p>\n<p>La creatividad y excelencia mostrada por sus chefs se hizo acreedora a dos diferentes reconocimientos que avalan la importancia y calidad de los restaurantes: Ha\u2019, del chef Carlos Gayt\u00e1n, el primer mexicano en recibir una estrella Michelin y Bio del chef Miguel Bautista, m\u00e1ximo representante de la comida vegana en M\u00e9xico.<\/p>\n<p>Ha\u2019, al interior del Hotel Xcaret M\u00e9xico, cuenta con sofisticado men\u00fa de degustaci\u00f3n de siete tiempos maridado con los mejores vinos mexicanos en el que los productos estrella son el chile, el aguacate, el chocolate, el ma\u00edz y la mantequilla, lo que lleva a los hu\u00e9spedes y comensales a disfrutar experiencia culinaria llena de sabores y colores que se quedan en el alma.<\/p>\n<p>El restaurante tambi\u00e9n cuenta con la certificaci\u00f3n 5 Diamantes AAA por el impecable servicio, dise\u00f1o y men\u00fa que cumplen con los m\u00e1s altos est\u00e1ndares de excelencia ofreciendo experiencia memorable a trav\u00e9s de viaje por los sabores de M\u00e9xico con la creatividad que caracteriza a este recinto.<\/p>\n<p>Para reservar: <em><a href=\"mailto:reservacionesha@restauranteha.com\" target=\"_blank\" rel=\"noopener\">reservacionesha@restauranteha.com<\/a><\/em><\/p>\n<p>El segundo reconocimiento fue para el chef Miguel Bautista, cabeza del restaurante Bio, quien fue premiado en la categor\u00eda L\u00edder Em\u00e9rito por su trayectoria en los premios <em>Bienfest.<\/em> Estos galardones tienen como misi\u00f3n facilitar recursos, motivar y educar a las personas para que lleven una vida saludable y, de esta manera, encuentren el equilibrio y la felicidad.<\/p>\n<p>Bio es una apuesta creativa, fresca, saludable y que se preocupa por generar bienestar en sus hu\u00e9spedes y comensales a trav\u00e9s de deliciosos platillos; adem\u00e1s, es el primer restaurante de especialidades vegetarianas y veganas en el complejo hotelero.<\/p>\n<p>Ambos restaurantes son parte de los diez exclusivos del Hotel Xcaret M\u00e9xico, que revolucion\u00f3 la industria tur\u00edstica con su concepto <em>All-Fun Inclusive<\/em> y que gracias a sus talentosos chefs se han colocado como referentes de la cocina mexicana en Riviera Maya y en todo el pa\u00eds.<\/p>\n<p>Gracias a estos estrictos protocolos, el Consejo Mundial de Viajes y Turismo (WTTC,) otorg\u00f3 a Grupo Xcaret, sus parques, restaurantes y hoteles, el Sello de Viaje Seguro (Travel Safety Stamp), que cuenta con el respaldo de la Organizaci\u00f3n Mundial del Turismo (OMT).<\/p>\n<p>\u2730\u2730\u2730\u2730\u2730 Si est\u00e1s pensando viajar a Houston en vacaciones te recomendamos \u2013a partir del 1 de mayo\u2013 que visites \u201c<em>Color Factory\u201d,<\/em> experiencia art\u00edstica colaborativa y multisensorial, inspirada en los colores de la ciudad (y del espacio). La expo gu\u00eda a los visitantes a trav\u00e9s de 12 instalaciones dise\u00f1adas para llamar la atenci\u00f3n del p\u00fablico sobre la presencia cotidiana del color en nuestras vidas.<\/p>\n<p>Entre los colaboradores destacados est\u00e1n: NASA, <em>Soo Sunny Park, Alicia Eggert, hottea, Harvey &amp; John, Mary Ramos, Andrew Neyer, Andy J. Pizza, Michelle Rial, Art &amp; Olfaction, Project Color Corps, Christine Wong Yap, Abby Clawson Low, Hypno, Carra Sykes<\/em> y <em>James Akers.<\/em><\/p>\n<p>La admisi\u00f3n general (todas las edades) es de 35 d\u00f3lares. Ni\u00f1os menores de dos a\u00f1os no pagan. Las entradas compradas en sitios web no autorizados o a trav\u00e9s de revendedores no ser\u00e1n aceptados.<\/p>\n<p>Las entradas no son reembolsables ni transferibles, a menos que te sientas enfermo, hayas dado positivo en la prueba de Covid-19 o hayas estado en contacto con alguien que haya dado positivo.<\/p>\n<p>No se permitir\u00e1 la entrada a menores de 16 a\u00f1os sin un padre o tutor adulto. Si llegas m\u00e1s de 10 minutos despu\u00e9s de la hora programada previamente, los organizadores te ayudar\u00e1n a reprogramar tus entradas para otro horario.<\/p>\n<p>Para que la experiencia de <em>Color Factory<\/em> sea agradable para todos, se pide mantener ciertos est\u00e1ndares de seguridad: verificaciones de temperatura. Mascarilla facial para todos los visitantes mayores de 6 a\u00f1os y todos los empleados.<\/p>\n<p>Mantener distancia entre otros grupos de visitantes y empleados. Usar desinfectante de manos siempre que se te ofrezca. Evitar tocarse la boca, la nariz y los ojos.<\/p>\n<blockquote><p>&nbsp;<\/p>\n<p style=\"text-align: right;\">\u201c<strong>El<\/strong> <strong>\u00e1ngel de la fama tiene sus alas hechas de papel&#8230; peri\u00f3dico\u201d.<br \/>\n<\/strong><\/p>\n<\/blockquote>\n<p>&nbsp;<\/p>\n<p><em><span class=\"Apple-converted-space\"><a href=\"mailto:victoriagprado@gmail.com\" target=\"_blank\" rel=\"noopener noreferrer\">victoriagprado@gmail.com<\/a><br \/>\nTwitter: <a href=\"https:\/\/twitter.com\/victoriagprado\" target=\"_blank\" rel=\"noopener noreferrer\">@victoriagprado<\/a><\/span><\/em><\/p>\n","protected":false},"excerpt":{"rendered":"<p>Bruselas es \u201cCapital de Europa\u201d por ser el asiento oficial de las principales instituciones de la Uni\u00f3n Europea. El mi\u00e9rcoles pasado, en esta ciudad se lanz\u00f3, como propuesta, el certificado de vacunaci\u00f3n del Covid-19, al que denominaron \u201cCertificado Verde Digital\u201d que contiene c\u00f3digo QR y tiene como finalidad evitar largas cuarentenas y \u201cfacilitar el turismo en verano\u201d.<\/p>\n","protected":false},"author":3,"featured_media":500487,"comment_status":"open","ping_status":"open","sticky":false,"template":"","format":"standard","meta":{"_monsterinsights_skip_tracking":false,"_monsterinsights_sitenote_active":false,"_monsterinsights_sitenote_note":"","_monsterinsights_sitenote_category":0,"footnotes":""},"categories":[11],"tags":[107,43674,43681,106],"class_list":["post-500366","post","type-post","status-publish","format-standard","has-post-thumbnail","hentry","category-turismo","tag-de-cinco-estrellas","tag-opinion","tag-turismo","tag-victoria-gonzalez-prado"],"_links":{"self":[{"href":"https:\/\/www.diarioimagen.net\/index.php?rest_route=\/wp\/v2\/posts\/500366","targetHints":{"allow":["GET"]}}],"collection":[{"href":"https:\/\/www.diarioimagen.net\/index.php?rest_route=\/wp\/v2\/posts"}],"about":[{"href":"https:\/\/www.diarioimagen.net\/index.php?rest_route=\/wp\/v2\/types\/post"}],"author":[{"embeddable":true,"href":"https:\/\/www.diarioimagen.net\/index.php?rest_route=\/wp\/v2\/users\/3"}],"replies":[{"embeddable":true,"href":"https:\/\/www.diarioimagen.net\/index.php?rest_route=%2Fwp%2Fv2%2Fcomments&post=500366"}],"version-history":[{"count":0,"href":"https:\/\/www.diarioimagen.net\/index.php?rest_route=\/wp\/v2\/posts\/500366\/revisions"}],"wp:featuredmedia":[{"embeddable":true,"href":"https:\/\/www.diarioimagen.net\/index.php?rest_route=\/wp\/v2\/media\/500487"}],"wp:attachment":[{"href":"https:\/\/www.diarioimagen.net\/index.php?rest_route=%2Fwp%2Fv2%2Fmedia&parent=500366"}],"wp:term":[{"taxonomy":"category","embeddable":true,"href":"https:\/\/www.diarioimagen.net\/index.php?rest_route=%2Fwp%2Fv2%2Fcategories&post=500366"},{"taxonomy":"post_tag","embeddable":true,"href":"https:\/\/www.diarioimagen.net\/index.php?rest_route=%2Fwp%2Fv2%2Ftags&post=500366"}],"curies":[{"name":"wp","href":"https:\/\/api.w.org\/{rel}","templated":true}]}}