{"id":500519,"date":"2021-03-22T00:00:54","date_gmt":"2021-03-22T06:00:54","guid":{"rendered":"https:\/\/www.diarioimagen.net\/?p=500519"},"modified":"2021-03-21T22:28:37","modified_gmt":"2021-03-22T04:28:37","slug":"peligran-sede-e-instalaciones-de-tierra-de-animales-ac-en-cancun","status":"publish","type":"post","link":"https:\/\/www.diarioimagen.net\/?p=500519","title":{"rendered":"Peligran sede e instalaciones de Tierra de Animales AC, en Canc\u00fan"},"content":{"rendered":"<h2>Hora 14<\/h2>\n<h5>Mauricio Conde Olivares<\/h5>\n<p>&nbsp;<\/p>\n<p>Este fin de semana, nueve plumas quintanarroenses salieron del encierro. Los integrantes del taller de escritura \u201cEl Bistur\u00ed, filos para afinar la creaci\u00f3n\u201d, presentaron desde diferentes ciudades de M\u00e9xico, su primera antolog\u00eda: \u201cLos filos del Bistur\u00ed\u201d, un multiverso estil\u00edstico que retrata a sus autores, revela su c\u00f3digo postal y refleja la luz y la sombra de un tiempo y un espacio compartidos.<\/p>\n<p>\u201cDespu\u00e9s de ocho a\u00f1os y una pandemia, escribiendo juntos, creo que \u201cLos filos del Bistur\u00ed\u201d, es el resultado de un desaf\u00edo: vencer el encierro, salir de nuestra burbuja y compartir con el exterior, lo que ocurre en nuestros adentros\u201d, afirm\u00f3 Alejandra Flores, directora del sello Libr\u00e9lula editores y fundadora de este taller.<\/p>\n<p>Afirm\u00f3 que \u201clos escritores se tornan cirujanos de palabras, frases, p\u00e1rrafos, escenas e historias. Es un espacio donde los escritores, con cari\u00f1o entra\u00f1able, y sin anestesia, extirpamos personajes, diseccionamos emociones, trasplantamos estilos, o suturamos con puntos y comas, textos en peligro\u201d.<\/p>\n<p>En \u201cLos filos del Bistur\u00ed\u201d, participaron Martha Alvarez Balb\u00e1s, E. Calder, Claudia Cruz Casillas, Alejandra Flores, Jackeline Gibbs, Carlos L\u00f3pez Jim\u00e9nez, Fabiola M\u00e9ndez, Vanessa Mercado \u00c1lvarez y Paola Dorantes, nueve plumas que hacen convivir en un mismo libro, poes\u00eda, cuento y relato, lo mismo que \u201cdivertimentos literarios, an\u00e9cdotas y confesiones\u201d.<\/p>\n<p>Quien lee \u201cLos filos del Bistur\u00ed\u201d, advierten en contratapa del libro \u201cpuede sentir sus pies descalzos sobre la arena del Caribe, recorrer un mapa de realidades alternas y viajar, a solas, por mundos tan reales como imposibles\u201d.<\/p>\n<p>El lanzamiento del libro, tuvo como sede el Auditorio Virtual que comparten Libr\u00e9lula editores y La Casa del \u00c1rbol HUB Creativo. Del mismo modo, se transmiti\u00f3 en vivo, de manera simult\u00e1nea, en las redes de la editorial y de cada uno de sus autores. Aunque el libro ya est\u00e1 a la venta en Amazon y puede adquirirse en l\u00ednea, los autores financiaron un tiraje que permite mantener el circulante en el estado de Quintana Roo y adquirir el libro f\u00edsico de mano de sus creadores.<\/p>\n<p>Aqu\u00ed tiene una buena opci\u00f3n para entender nuestro entorno y tambi\u00e9n para comprendernos desde el \u00e1mbito po\u00e9tico y de la narrativa.<\/p>\n<p>En otro tema, le participo que en materia de lucha contra la pandemia del COVID-19, Quintana Roo contin\u00faa recibiendo las vacunas contra el Covid-19 y llegaron 13 mil 800 dosis para ser aplicadas a adultos mayores de 60 a\u00f1os. Por lo que inici\u00f3 la vacunaci\u00f3n en el municipio de Oth\u00f3n P. Blanco, continu\u00f3 en Tulum, y en los pr\u00f3ximos d\u00edas se informar\u00e1 que otros municipios ser\u00e1n incluidos.<\/p>\n<p>En total de ambos embarques se recibieron 7 mil 800 dosis de la farmac\u00e9utica Pfizer que iniciaron su aplicaci\u00f3n a partir del pasado 19 de marzo en el municipio de Oth\u00f3n P. Blanco, particularmente en 30 colonias de Chetumal y localidades de Calderitas, Laguna Guerrero, Raudales y Luis Echeverr\u00eda.<\/p>\n<p>Tambi\u00e9n se recibieron en Chetumal por v\u00eda a\u00e9rea un total de 6 mil dosis de SINOVAC tambi\u00e9n para personas mayores de 60 a\u00f1os.<\/p>\n<p>Por otra parte, le informo que el intento de despojo del terreno donde se asienta en Canc\u00fan el santuario \u201cTierra de Animales\u201d, ha significado el apoyo a trav\u00e9s del internet de casi cinco mil personas en tiempo r\u00e9cord, quienes solicitan en su conjunto que se impida este il\u00edcito con la intervenci\u00f3n de las autoridades competentes, toda vez que corre peligro esta iniciativa ciudadana que lleva m\u00e1s de diez a\u00f1os de ayudar a las mascotas de la regi\u00f3n.<\/p>\n<p>Ante esta problem\u00e1tica, los responsables de este santuario detallaron que \u201clos gastos se han elevado much\u00edsimo por el problema que estamos enfrentando con el terreno, ya que tuvimos que contratar personal extra, solo dedicados a cuidar que no nos quiten la malla, y as\u00ed mismo estamos tratando de construir un muro para que no sigamos estando tan vulnerables. Si alguien m\u00e1s se quiere sumar a la ayuda, estaremos muy agradecidos. Y por favor no se olviden de compartir nuestra petici\u00f3n para juntar firmas, y as\u00ed m\u00e1s gente se entere de esta situaci\u00f3n\u201d.<\/p>\n<p>Al efecto, una plataforma para difundir estas demandas de ayuda es mediante los siguientes links http:\/\/chng.it\/dk4hH2T96h; facebook.com\/tierradanimales\/; a continuaci\u00f3n va el texto que Tierra de Animales difundi\u00f3 ante este intento de despojo:<\/p>\n<p>\u201cHacemos un atento llamado a las autoridades, para que nos apoyen en este asunto. Como saben, Tierra de Animales, A.C. ha trabajado incansablemente desde hace m\u00e1s de diez a\u00f1os, rescatando, rehabilitando y dando en adopci\u00f3n a perros esterilizados, as\u00ed como tambi\u00e9n hemos rescatado todo tipo de animales y hemos hecho diversas campa\u00f1as de concientizaci\u00f3n, educaci\u00f3n y tambi\u00e9n de esterilizaci\u00f3n, todo con recursos propios y donaciones de particulares.<\/p>\n<p>Desde hace aproximadamente un par de semanas, hemos recibido amenazas por parte de personas armadas, nos han intentado despojar de una parte de nuestro terreno, nos han estado acosando y amedrentando, han llegado incluso a quitar parte de la malla y esto ha sido un proceso bastante desgastante, que nos pone a nosotros, los colaboradores, voluntarios y a los animales habitantes del santuario, en una posici\u00f3n de vulnerabilidad e inseguridad.<\/p>\n<p>Quienes se ostentan como due\u00f1os de ese pedazo de terreno, desconocemos si son parte del mismo grupo de personas que han estado despojando terrenos en toda la zona de Canc\u00fan y Puerto Morelos, incluyendo el despojo en las instalaciones de Crococun, situaci\u00f3n que dej\u00f3 un saldo de varios animales muertos, o si son personas que tienen un documento inv\u00e1lido y que hayan sido tambi\u00e9n v\u00edctimas de fraude, pensando que este terreno no ten\u00eda due\u00f1o, pero la realidad es que nosotros somos los leg\u00edtimos due\u00f1os, contamos con todos los papeles que lo amparan y hasta ahora no hemos recibido ning\u00fan oficio o citatorio legal, si no que todo se ha basado en acciones intimidatorias y afortunadamente hemos aguantado hasta ahora y agradecemos incluso a la polic\u00eda de seguridad p\u00fablica, que se ha presentado cada vez que hemos solicitado su apoyo.<\/p>\n<p>Pero necesitamos poner un alto, no quisi\u00e9ramos que una situaci\u00f3n similar a la que se vivi\u00f3 en Crococun sucediera aqu\u00ed en Tierra de Animales, uno de los santuarios de animales m\u00e1s importante de M\u00e9xico y uno de los m\u00e1s destacados a nivel internacional tambi\u00e9n.<\/p>\n<p>Los animales que viven resguardados en este terreno dependen de nosotros al cien por ciento, no podemos darnos el lujo de dejarlos desatendidos ni un solo minuto, ya que muchos de ellos tienen cuidados muy especiales, debido a su estado cr\u00edtico de salud, y en general todos tiene cuidados especiales. Hacemos este llamado a las autoridades correspondientes, para que este terreno sea salvaguardado y se nos den todas las garant\u00edas de seguridad\u201d.<\/p>\n<p>Hasta aqu\u00ed la carta p\u00fablica de Tierra de Animales, posteriormente en las redes sociales de esta asociaci\u00f3n civil dieron muestras de agradecimiento al apoyo popular: \u201cMuchas gracias a todas las personas que nos ayudaron donando, para lograr pagar sueldos ayer y conseguir suficiente alimento para los habitantes de Tierra de Animales para este fin de semana. Pudimos tambi\u00e9n pagar materiales de limpieza, medicinas, etc. y se los agradecemos inmensamente como siempre.<\/p>\n<p>Ahora tenemos la enorme tarea de conseguir lo necesario para la pr\u00f3xima semana y es que los gastos se han elevado much\u00edsimo por el problema que estamos enfrentando con el terreno, ya que tuvimos que contratar personal extra, solo dedicados a cuidar que no nos quiten la malla, y as\u00ed mismo estamos tratando de construir un muro para que no sigamos estando tan vulnerables. Si alguien m\u00e1s se quiere sumar a la ayuda, estaremos muy agradecidos. Y por favor no se olviden de compartir nuestra petici\u00f3n para juntar firmas, y as\u00ed m\u00e1s gente se entere de esta situaci\u00f3n\u201d; empero, lo anterior ser\u00e1 motivo de posterior an\u00e1lisis en otra entrega de <strong><em>Hora 14<\/em><\/strong>.<\/p>\n<p><em><a href=\"mailto:%20mauricio_conde@msn.com\" target=\"_blank\" rel=\"noopener noreferrer\">mauricioconde59@outlook.com<\/a><\/em><br \/>\n<em><a href=\"https:\/\/twitter.com\/mauconde007\" target=\"_blank\" rel=\"noopener noreferrer\">@mauconde007<\/a> <\/em><br \/>\n<em><a href=\"https:\/\/mauriciocondeblog.wordpress.com\" target=\"_blank\" rel=\"noopener noreferrer\">https:\/\/mauriciocondeblog.wordpress.com<\/a><\/em><\/p>\n","protected":false},"excerpt":{"rendered":"<p><span style=\"color: #005497;\"><strong>Mauricio Conde Olivares<\/strong><\/span><\/p>\n","protected":false},"author":3,"featured_media":0,"comment_status":"open","ping_status":"open","sticky":false,"template":"","format":"standard","meta":{"_monsterinsights_skip_tracking":false,"_monsterinsights_sitenote_active":false,"_monsterinsights_sitenote_note":"","_monsterinsights_sitenote_category":0,"footnotes":""},"categories":[35889],"tags":[43712,43674,44860],"class_list":["post-500519","post","type-post","status-publish","format-standard","hentry","category-mauricio-conde-olivares","tag-mauricio-conde-olivares","tag-opinion","tag-hora-14"],"_links":{"self":[{"href":"https:\/\/www.diarioimagen.net\/index.php?rest_route=\/wp\/v2\/posts\/500519","targetHints":{"allow":["GET"]}}],"collection":[{"href":"https:\/\/www.diarioimagen.net\/index.php?rest_route=\/wp\/v2\/posts"}],"about":[{"href":"https:\/\/www.diarioimagen.net\/index.php?rest_route=\/wp\/v2\/types\/post"}],"author":[{"embeddable":true,"href":"https:\/\/www.diarioimagen.net\/index.php?rest_route=\/wp\/v2\/users\/3"}],"replies":[{"embeddable":true,"href":"https:\/\/www.diarioimagen.net\/index.php?rest_route=%2Fwp%2Fv2%2Fcomments&post=500519"}],"version-history":[{"count":0,"href":"https:\/\/www.diarioimagen.net\/index.php?rest_route=\/wp\/v2\/posts\/500519\/revisions"}],"wp:attachment":[{"href":"https:\/\/www.diarioimagen.net\/index.php?rest_route=%2Fwp%2Fv2%2Fmedia&parent=500519"}],"wp:term":[{"taxonomy":"category","embeddable":true,"href":"https:\/\/www.diarioimagen.net\/index.php?rest_route=%2Fwp%2Fv2%2Fcategories&post=500519"},{"taxonomy":"post_tag","embeddable":true,"href":"https:\/\/www.diarioimagen.net\/index.php?rest_route=%2Fwp%2Fv2%2Ftags&post=500519"}],"curies":[{"name":"wp","href":"https:\/\/api.w.org\/{rel}","templated":true}]}}