{"id":500548,"date":"2021-03-22T00:04:18","date_gmt":"2021-03-22T06:04:18","guid":{"rendered":"https:\/\/www.diarioimagen.net\/?p=500548"},"modified":"2021-03-22T02:44:32","modified_gmt":"2021-03-22T08:44:32","slug":"entregan-deportivo-con-perspectiva-de-genero-en-tlalnepantla","status":"publish","type":"post","link":"https:\/\/www.diarioimagen.net\/?p=500548","title":{"rendered":"Entregan deportivo con perspectiva de g\u00e9nero en Tlalnepantla"},"content":{"rendered":"<p><strong>\u00a0<\/strong><\/p>\n<p><a href=\"https:\/\/www.diarioimagen.net\/?attachment_id=500652\" rel=\"attachment wp-att-500652\"><img loading=\"lazy\" decoding=\"async\" class=\"aligncenter size-full wp-image-500652\" src=\"https:\/\/www.diarioimagen.net\/wp-content\/uploads\/2021\/03\/tlalnepantla-9.jpg\" alt=\"\" width=\"460\" height=\"231\" \/><\/a><\/p>\n<p>&nbsp;<\/p>\n<p><strong>Tlalnepantla, Estado de M\u00e9xico.-<\/strong> El gobierno municipal inaugur\u00f3 un deportivo con perspectiva de g\u00e9nero en el fraccionamiento Miraflores, que incluye una trotapista, diversos aparatos de ejercicios, espacios mejor iluminados y un M\u00f3dulo SOS para que las mujeres que asistan se sientan seguras.<\/p>\n<p>Raciel P\u00e9rez Cruz, Presidente Municipal, indic\u00f3 que la adecuaci\u00f3n del Deportivo Miraflores se logr\u00f3 como resultado de un esfuerzo coordinado entre el gobierno de Tlalnepantla y del Estado de M\u00e9xico por rescatar espacios p\u00fablicos en favor de las mujeres.<\/p>\n","protected":false},"excerpt":{"rendered":"<p>El gobierno municipal inaugur\u00f3 un deportivo con perspectiva de g\u00e9nero en el fraccionamiento Miraflores, que incluye una trotapista, diversos aparatos de ejercicios, espacios mejor iluminados y un M\u00f3dulo SOS para que las mujeres que asistan se sientan seguras.<\/p>\n","protected":false},"author":3,"featured_media":500652,"comment_status":"open","ping_status":"open","sticky":false,"template":"","format":"standard","meta":{"_monsterinsights_skip_tracking":false,"_monsterinsights_sitenote_active":false,"_monsterinsights_sitenote_note":"","_monsterinsights_sitenote_category":0,"footnotes":""},"categories":[5],"tags":[43675,25269,81517,169],"class_list":["post-500548","post","type-post","status-publish","format-standard","has-post-thumbnail","hentry","category-estado-de-mexico","tag-estado-de-mexico","tag-genero","tag-raciel-perez-cruz","tag-tlalnepantla"],"_links":{"self":[{"href":"https:\/\/www.diarioimagen.net\/index.php?rest_route=\/wp\/v2\/posts\/500548","targetHints":{"allow":["GET"]}}],"collection":[{"href":"https:\/\/www.diarioimagen.net\/index.php?rest_route=\/wp\/v2\/posts"}],"about":[{"href":"https:\/\/www.diarioimagen.net\/index.php?rest_route=\/wp\/v2\/types\/post"}],"author":[{"embeddable":true,"href":"https:\/\/www.diarioimagen.net\/index.php?rest_route=\/wp\/v2\/users\/3"}],"replies":[{"embeddable":true,"href":"https:\/\/www.diarioimagen.net\/index.php?rest_route=%2Fwp%2Fv2%2Fcomments&post=500548"}],"version-history":[{"count":0,"href":"https:\/\/www.diarioimagen.net\/index.php?rest_route=\/wp\/v2\/posts\/500548\/revisions"}],"wp:featuredmedia":[{"embeddable":true,"href":"https:\/\/www.diarioimagen.net\/index.php?rest_route=\/wp\/v2\/media\/500652"}],"wp:attachment":[{"href":"https:\/\/www.diarioimagen.net\/index.php?rest_route=%2Fwp%2Fv2%2Fmedia&parent=500548"}],"wp:term":[{"taxonomy":"category","embeddable":true,"href":"https:\/\/www.diarioimagen.net\/index.php?rest_route=%2Fwp%2Fv2%2Fcategories&post=500548"},{"taxonomy":"post_tag","embeddable":true,"href":"https:\/\/www.diarioimagen.net\/index.php?rest_route=%2Fwp%2Fv2%2Ftags&post=500548"}],"curies":[{"name":"wp","href":"https:\/\/api.w.org\/{rel}","templated":true}]}}