{"id":500561,"date":"2021-03-22T00:03:44","date_gmt":"2021-03-22T06:03:44","guid":{"rendered":"https:\/\/www.diarioimagen.net\/?p=500561"},"modified":"2021-03-22T00:02:52","modified_gmt":"2021-03-22T06:02:52","slug":"vacunas-y-migrantes","status":"publish","type":"post","link":"https:\/\/www.diarioimagen.net\/?p=500561","title":{"rendered":"Vacunas y migrantes"},"content":{"rendered":"<h2>Espacio Electoral<\/h2>\n<h5>Eleazar Flores<\/h5>\n<p>&nbsp;<\/p>\n<p><strong>SAMOS AMISTAD-.<\/strong> Si en pol\u00edtica no hay casualidades habr\u00e1 que reflexionar y dar por hecho lo que <em>Juan Pueblo<\/em> dice: Estados Unidos dio 2.7 millones de vacunas a M\u00e9xico, pero exigi\u00f3 controlar el flujo de migrantes v\u00eda frontera sur.<\/p>\n<p>Con hechos se contradicen los dichos del padre de la Cuarta Transformaci\u00f3n, cuando interrogado en el sureste sobre el tema respondi\u00f3 \u201ca cambio s\u00f3lo damos amistad\u201d.<\/p>\n<p>La no casualidad estriba en que hasta antes de la donaci\u00f3n de vacunas por parte del gobierno norteamericano se hab\u00eda relajado el control de migrantes centro y sudamericanos por nuestra frontera sur, pero tan pronto se hizo el ben\u00e9volo anuncio, se endurecieron las medidas en el sureste y el norte.<\/p>\n<p>Con miles de elementos de la Guardia Nacional y fuerzas armadas, apoyados con drones, reforzaron a empleados del Instituto Nacional de Migraci\u00f3n destacados en la frontera con Guatemala y Belice, para evitar o cuando menos disminuir la entrada de centroamericanos, con miras a Estados Unidos.<\/p>\n<p>Concretamente, en la comunidad de Frontera Comalapa, donde desde el pasado 18 del presente, aniversario de la expropiaci\u00f3n petrolera y en gira por ese territorio del pa\u00eds, el Presidente anunci\u00f3 la donaci\u00f3n <em>yanqui<\/em> de 2.7 millones de medicinas y cuando un periodista le pregunt\u00f3 \u201ca cambio de qu\u00e9\u201d?, con su caracter\u00edstica sonrisa el mandatario respondi\u00f3, \u201cde nada, s\u00f3lo de amistad\u201d.<\/p>\n<p>Lo que olvida, pues no creo que ignore el Presidente, es que los <em>gringos<\/em> desde siempre no tienen amigos, \u00fanicamente intereses que cuidar y limitar el ingreso de indocumentados a ese pa\u00eds se empez\u00f3 el mismo d\u00eda de la donaci\u00f3n de vacunas, ahora sin gritos y sombrerazos trompistas, pero igual de efectivos con <em>m\u00edster<\/em> Biden.<\/p>\n<p><strong>UAEMEX.-<\/strong> De cuatro aspirantes iniciales a la rector\u00eda de la rector\u00eda de la Universidad Aut\u00f3noma del Estado de M\u00e9xico s\u00f3lo quedan dos, un hombre y una mujer, \u00e9sta \u00faltima con posibilidades de convertirse, despu\u00e9s de poco m\u00e1s de un siglo de existencia de la instituci\u00f3n, desde que era ICLA, en la primera mujer rectora.<\/p>\n<p>Renunciando Ra\u00fal Ort\u00edz s\u00f3lo quedan <em>vivos<\/em> el qu\u00edmico Carlos Barrera D\u00edaz y la especialista en Letras Yolanda Ballesteros Sent\u00edes, quienes a fuerza de ser sinceros vienen haciendo campa\u00f1a a la usanza tradicional, por lo que los estudiantes no interesados en la \u201cgrilla\u201d incluso ignoran si habr\u00e1 elecci\u00f3n de nuevo rector.<\/p>\n<p>Esta es la primera ocasi\u00f3n que una mujer llega a las \u201cfinales\u201d por la b\u00fasqueda de la rector\u00eda de la M\u00e1xima Casa de Estudios del estado de M\u00e9xico, siendo \u00e9sta, la noticia m\u00e1s destacada, tanto como la renuncia de Ra\u00fal Ort\u00edz, cuyos simpatizantes pudo inducirlos a favor de alguno de los \u201csobrevivientes\u201d.<\/p>\n<p>A un mes del proceso, \u00bfhabr\u00e1 m\u00e1s novedades?<\/p>\n<p><em><a href=\"mailto:elefa44@gmail.com\" target=\"_blank\" rel=\"noopener noreferrer\">elefa44@gmail.com<\/a><\/em><\/p>\n","protected":false},"excerpt":{"rendered":"<p><span style=\"color: #005497;\"><strong>Eleazar Flores<\/strong><\/span><\/p>\n","protected":false},"author":3,"featured_media":0,"comment_status":"open","ping_status":"open","sticky":false,"template":"","format":"standard","meta":{"_monsterinsights_skip_tracking":false,"_monsterinsights_sitenote_active":false,"_monsterinsights_sitenote_note":"","_monsterinsights_sitenote_category":0,"footnotes":""},"categories":[81743],"tags":[81744,81776,43674],"class_list":["post-500561","post","type-post","status-publish","format-standard","hentry","category-eleazar-flores","tag-eleazar-flores","tag-espacio-electoral","tag-opinion"],"_links":{"self":[{"href":"https:\/\/www.diarioimagen.net\/index.php?rest_route=\/wp\/v2\/posts\/500561","targetHints":{"allow":["GET"]}}],"collection":[{"href":"https:\/\/www.diarioimagen.net\/index.php?rest_route=\/wp\/v2\/posts"}],"about":[{"href":"https:\/\/www.diarioimagen.net\/index.php?rest_route=\/wp\/v2\/types\/post"}],"author":[{"embeddable":true,"href":"https:\/\/www.diarioimagen.net\/index.php?rest_route=\/wp\/v2\/users\/3"}],"replies":[{"embeddable":true,"href":"https:\/\/www.diarioimagen.net\/index.php?rest_route=%2Fwp%2Fv2%2Fcomments&post=500561"}],"version-history":[{"count":0,"href":"https:\/\/www.diarioimagen.net\/index.php?rest_route=\/wp\/v2\/posts\/500561\/revisions"}],"wp:attachment":[{"href":"https:\/\/www.diarioimagen.net\/index.php?rest_route=%2Fwp%2Fv2%2Fmedia&parent=500561"}],"wp:term":[{"taxonomy":"category","embeddable":true,"href":"https:\/\/www.diarioimagen.net\/index.php?rest_route=%2Fwp%2Fv2%2Fcategories&post=500561"},{"taxonomy":"post_tag","embeddable":true,"href":"https:\/\/www.diarioimagen.net\/index.php?rest_route=%2Fwp%2Fv2%2Ftags&post=500561"}],"curies":[{"name":"wp","href":"https:\/\/api.w.org\/{rel}","templated":true}]}}