{"id":500655,"date":"2021-03-23T00:06:50","date_gmt":"2021-03-23T06:06:50","guid":{"rendered":"https:\/\/www.diarioimagen.net\/?p=500655"},"modified":"2021-03-24T02:15:44","modified_gmt":"2021-03-24T08:15:44","slug":"egresado-de-la-uaem-publica-su-primera-novela","status":"publish","type":"post","link":"https:\/\/www.diarioimagen.net\/?p=500655","title":{"rendered":"Egresado de la UAEM publica su primera novela"},"content":{"rendered":"<p><em>\u00a0<\/em><\/p>\n<ul>\n<li><strong><em>Pablo Andr\u00e9s Segundo Cruz, egresado de la Facultad de Ciencias Pol\u00edticas y Sociales de la UAEM, detall\u00f3 que su libro \u201cHunab-ku, inicios del final y la ciudad del amanecer\u201d se compone de 21 cap\u00edtulos y el principio de cada uno est\u00e1 ilustrado con dibujos de su autor\u00eda<\/em><\/strong><\/li>\n<\/ul>\n<p><strong>\u00a0<\/strong><\/p>\n<div id=\"attachment_500763\" style=\"width: 470px\" class=\"wp-caption aligncenter\"><a href=\"https:\/\/www.diarioimagen.net\/?attachment_id=500763\" rel=\"attachment wp-att-500763\"><img loading=\"lazy\" decoding=\"async\" aria-describedby=\"caption-attachment-500763\" class=\"size-full wp-image-500763\" src=\"https:\/\/www.diarioimagen.net\/wp-content\/uploads\/2021\/03\/Uaem-4.jpg\" alt=\"\" width=\"460\" height=\"691\" \/><\/a><p id=\"caption-attachment-500763\" class=\"wp-caption-text\">Pablo Andr\u00e9s Segundo Cruz, egresado de la UAEM, public\u00f3 su primer libro \u201cHunab-Ku, inicios del final y la ciudad del amanecer\u201d.<\/p><\/div>\n<p>&nbsp;<\/p>\n<p><strong>Toluca, Estado de M\u00e9xico.\u2013<\/strong> Pablo Andr\u00e9s Segundo Cruz, egresado de la Universidad Aut\u00f3noma del Estado de M\u00e9xico, public\u00f3 su primer libro \u201cHunab-Ku, inicios del final y la ciudad del amanecer\u201d, narraci\u00f3n del g\u00e9nero fant\u00e1stico que a partir de dioses mitol\u00f3gicos, tiene como prop\u00f3sito reflexionar sobre la influencia que ejercen grupos de poder en el mundo actual, as\u00ed como el consumo desmedido de la sociedad.<\/p>\n<p>Al contar con registros ISBN y del Instituto Nacional del Derecho de Autor (INDAUTOR), que reconocen\u00a0 los derechos morales y patrimoniales del creador sobre su obra, el egresado de la licenciatura en Comunicaci\u00f3n de la Facultad de Ciencias Pol\u00edticas y Sociales de la UAEM, detall\u00f3 que su inter\u00e9s por la escritura inici\u00f3 a los 17 a\u00f1os con influencia de las animaciones e historietas japonesas.<\/p>\n<p>\u201cHunab-Ku, inicios del final y la ciudad del amanecer\u201d se compone de 21 cap\u00edtulos y el principio de cada uno est\u00e1 ilustrado con dibujos de la autor\u00eda de Pablo Andr\u00e9s Segundo, a trav\u00e9s de los cuales retrata a los personajes principales, o bien alguna escena significativa de ese episodio.<\/p>\n<p>Asimismo, el dise\u00f1o editorial y el producto final con un total de 206 p\u00e1ginas, fue desarrollado por el egresado auriverde, quien invirti\u00f3 aproximadamente 5 a\u00f1os en dar estructura a la obra, de la cual, dijo, prepara su segunda parte.<\/p>\n<p>\u201cLa historia relata un futuro dist\u00f3pico donde el mundo ingresa a una Tercera Guerra Mundial en la que intervienen dioses, semidioses y humanos, con el prop\u00f3sito de obtener el poder y arrebatarlo a los grupos que gobiernan\u201d, indic\u00f3 el egresado universitario.<\/p>\n<p>Pablo Andr\u00e9s Segundo cuenta con un diplomado en Guionismo Cinematogr\u00e1fico y durante su carrera en la Aut\u00f3noma mexiquense se especializ\u00f3 en Comunicaci\u00f3n Audiovisual, donde tuvo oportunidad de adquirir conocimientos de dise\u00f1o editorial y escritura literaria que le brindaron las bases para construir su primera novela.<\/p>\n<p>Los\u00a0 interesados en adquirir la obra de Pablo Andr\u00e9s Segundo Cruz, pueden visitar la p\u00e1gina de Facebook Hunab-Ku, donde se podr\u00e1n poner en contacto con el autor.<\/p>\n","protected":false},"excerpt":{"rendered":"<p>Pablo Andr\u00e9s Segundo Cruz, egresado de la Universidad Aut\u00f3noma del Estado de M\u00e9xico, public\u00f3 su primer libro \u201cHunab-Ku, inicios del final y la ciudad del amanecer\u201d, narraci\u00f3n del g\u00e9nero fant\u00e1stico que a partir de dioses mitol\u00f3gicos, tiene como prop\u00f3sito reflexionar sobre la influencia que ejercen grupos de poder en el mundo actual, as\u00ed como el consumo desmedido de la sociedad.<\/p>\n","protected":false},"author":3,"featured_media":500762,"comment_status":"open","ping_status":"open","sticky":false,"template":"","format":"standard","meta":{"_monsterinsights_skip_tracking":false,"_monsterinsights_sitenote_active":false,"_monsterinsights_sitenote_note":"","_monsterinsights_sitenote_category":0,"footnotes":""},"categories":[5],"tags":[43675,92624,452],"class_list":["post-500655","post","type-post","status-publish","format-standard","has-post-thumbnail","hentry","category-estado-de-mexico","tag-estado-de-mexico","tag-novela","tag-toluca"],"_links":{"self":[{"href":"https:\/\/www.diarioimagen.net\/index.php?rest_route=\/wp\/v2\/posts\/500655","targetHints":{"allow":["GET"]}}],"collection":[{"href":"https:\/\/www.diarioimagen.net\/index.php?rest_route=\/wp\/v2\/posts"}],"about":[{"href":"https:\/\/www.diarioimagen.net\/index.php?rest_route=\/wp\/v2\/types\/post"}],"author":[{"embeddable":true,"href":"https:\/\/www.diarioimagen.net\/index.php?rest_route=\/wp\/v2\/users\/3"}],"replies":[{"embeddable":true,"href":"https:\/\/www.diarioimagen.net\/index.php?rest_route=%2Fwp%2Fv2%2Fcomments&post=500655"}],"version-history":[{"count":0,"href":"https:\/\/www.diarioimagen.net\/index.php?rest_route=\/wp\/v2\/posts\/500655\/revisions"}],"wp:featuredmedia":[{"embeddable":true,"href":"https:\/\/www.diarioimagen.net\/index.php?rest_route=\/wp\/v2\/media\/500762"}],"wp:attachment":[{"href":"https:\/\/www.diarioimagen.net\/index.php?rest_route=%2Fwp%2Fv2%2Fmedia&parent=500655"}],"wp:term":[{"taxonomy":"category","embeddable":true,"href":"https:\/\/www.diarioimagen.net\/index.php?rest_route=%2Fwp%2Fv2%2Fcategories&post=500655"},{"taxonomy":"post_tag","embeddable":true,"href":"https:\/\/www.diarioimagen.net\/index.php?rest_route=%2Fwp%2Fv2%2Ftags&post=500655"}],"curies":[{"name":"wp","href":"https:\/\/api.w.org\/{rel}","templated":true}]}}