{"id":500847,"date":"2021-03-24T00:05:28","date_gmt":"2021-03-24T06:05:28","guid":{"rendered":"https:\/\/www.diarioimagen.net\/?p=500847"},"modified":"2021-03-24T01:35:54","modified_gmt":"2021-03-24T07:35:54","slug":"el-issemym-anuncia-horarios-de-atencion-para-semana-santa","status":"publish","type":"post","link":"https:\/\/www.diarioimagen.net\/?p=500847","title":{"rendered":"El ISSEMyM anuncia horarios de atenci\u00f3n para Semana Santa"},"content":{"rendered":"<p>&nbsp;<\/p>\n<ul>\n<li><strong><em>Servicios de manera normal los d\u00edas 29, 30 y 31 de marzo<\/em><\/strong><\/li>\n<\/ul>\n<p>&nbsp;<\/p>\n<div id=\"attachment_500944\" style=\"width: 470px\" class=\"wp-caption aligncenter\"><a href=\"https:\/\/www.diarioimagen.net\/?attachment_id=500944\" rel=\"attachment wp-att-500944\"><img loading=\"lazy\" decoding=\"async\" aria-describedby=\"caption-attachment-500944\" class=\"size-full wp-image-500944\" src=\"https:\/\/www.diarioimagen.net\/wp-content\/uploads\/2021\/03\/EDOMEX-8.jpg\" alt=\"\" width=\"460\" height=\"270\" \/><\/a><p id=\"caption-attachment-500944\" class=\"wp-caption-text\">El ISSEMyM informa que el jueves 1 de abril ofrecer\u00e1 atenci\u00f3n al p\u00fablico hasta las 14:00 horas.<\/p><\/div>\n<p>&nbsp;<\/p>\n<p><strong>Toluca, Estado de M\u00e9xico<\/strong>.- El Instituto de Seguridad Social del Estado de M\u00e9xico y Municipios (ISSEMyM), informa a sus derechohabientes que durante los d\u00edas 29, 30 y 31 de marzo, correspondientes al primer periodo vacacional 2021, las unidades y oficinas de Atenci\u00f3n al Derechohabiente brindar\u00e1n servicios ininterrumpidos con un horario extendido de 8:00 a 20:00 horas, mientras que el jueves 1 de abril ofrecer\u00e1 atenci\u00f3n hasta las 14:00 horas, por lo que les invita a tomar las medidas pertinentes para realizar sus tr\u00e1mites.<\/p>\n<p>Carlos Rom\u00e1n Reyes, Director de Atenci\u00f3n al Derechohabiente de este Instituto, record\u00f3 que, para comodidad y seguridad de los derechohabientes, el sitio electr\u00f3nico para agendar citas administrativas se encuentra a disposici\u00f3n de los usuarios las 24 horas en la direcci\u00f3n www.issemym.gob.mx donde encontrar\u00e1n un apartado denominado Programa tu Cita de Atenci\u00f3n al Derechohabiente.<\/p>\n<p>\u201cEste apartado permite a los usuarios agendar citas para diversos tr\u00e1mites como lo es la entrega de dictamen de pensi\u00f3n, afiliaci\u00f3n, credencializaci\u00f3n, seguro por fallecimiento, entre otros, de esta manera se ayuda a evitar que en las unidades de atenci\u00f3n existan aglomeraciones durante esta pandemia y disminuir el riesgo de contagios\u201d.<\/p>\n<p>Agreg\u00f3 que estas acciones hablan de una nueva era digital para ISSEMyM, en la que, gracias a distintas herramientas, se pueden agilizar y optimizar tiempos para beneficio de los usuarios, \u201caprovechando las tecnolog\u00edas de la informaci\u00f3n y de esta manera tener un alcance positivo en toda la entidad mexiquense\u201d.<\/p>\n<p>Finalmente, Rom\u00e1n Reyes subray\u00f3 que las unidades y oficinas de Atenci\u00f3n al Derechohabiente cuentan con estrictos protocolos de bioseguridad que garantizan la protecci\u00f3n de los derechohabientes y la del personal que labora en esas \u00e1reas durante su estad\u00eda y de esta manera evitar contagios de Covid-19.<\/p>\n","protected":false},"excerpt":{"rendered":"<p>El Instituto de Seguridad Social del Estado de M\u00e9xico y Municipios (ISSEMyM), informa a sus derechohabientes que durante los d\u00edas 29, 30 y 31 de marzo, correspondientes al primer periodo vacacional 2021, las unidades y oficinas de Atenci\u00f3n al Derechohabiente brindar\u00e1n servicios ininterrumpidos con un horario extendido de 8:00 a 20:00 horas, mientras que el jueves 1 de abril ofrecer\u00e1 atenci\u00f3n hasta las 14:00 horas, por lo que les invita a tomar las medidas pertinentes para realizar sus tr\u00e1mites.<\/p>\n","protected":false},"author":3,"featured_media":500944,"comment_status":"open","ping_status":"open","sticky":false,"template":"","format":"standard","meta":{"_monsterinsights_skip_tracking":false,"_monsterinsights_sitenote_active":false,"_monsterinsights_sitenote_note":"","_monsterinsights_sitenote_category":0,"footnotes":""},"categories":[5],"tags":[43675,699,2406,452],"class_list":["post-500847","post","type-post","status-publish","format-standard","has-post-thumbnail","hentry","category-estado-de-mexico","tag-estado-de-mexico","tag-issemym","tag-semana-santa","tag-toluca"],"_links":{"self":[{"href":"https:\/\/www.diarioimagen.net\/index.php?rest_route=\/wp\/v2\/posts\/500847","targetHints":{"allow":["GET"]}}],"collection":[{"href":"https:\/\/www.diarioimagen.net\/index.php?rest_route=\/wp\/v2\/posts"}],"about":[{"href":"https:\/\/www.diarioimagen.net\/index.php?rest_route=\/wp\/v2\/types\/post"}],"author":[{"embeddable":true,"href":"https:\/\/www.diarioimagen.net\/index.php?rest_route=\/wp\/v2\/users\/3"}],"replies":[{"embeddable":true,"href":"https:\/\/www.diarioimagen.net\/index.php?rest_route=%2Fwp%2Fv2%2Fcomments&post=500847"}],"version-history":[{"count":0,"href":"https:\/\/www.diarioimagen.net\/index.php?rest_route=\/wp\/v2\/posts\/500847\/revisions"}],"wp:featuredmedia":[{"embeddable":true,"href":"https:\/\/www.diarioimagen.net\/index.php?rest_route=\/wp\/v2\/media\/500944"}],"wp:attachment":[{"href":"https:\/\/www.diarioimagen.net\/index.php?rest_route=%2Fwp%2Fv2%2Fmedia&parent=500847"}],"wp:term":[{"taxonomy":"category","embeddable":true,"href":"https:\/\/www.diarioimagen.net\/index.php?rest_route=%2Fwp%2Fv2%2Fcategories&post=500847"},{"taxonomy":"post_tag","embeddable":true,"href":"https:\/\/www.diarioimagen.net\/index.php?rest_route=%2Fwp%2Fv2%2Ftags&post=500847"}],"curies":[{"name":"wp","href":"https:\/\/api.w.org\/{rel}","templated":true}]}}