{"id":500854,"date":"2021-03-24T00:03:23","date_gmt":"2021-03-24T06:03:23","guid":{"rendered":"https:\/\/www.diarioimagen.net\/?p=500854"},"modified":"2021-03-24T02:06:47","modified_gmt":"2021-03-24T08:06:47","slug":"hospital-regional-en-nicolas-romero-sera-realidad-gracias-a-gestion-del-gobierno-local","status":"publish","type":"post","link":"https:\/\/www.diarioimagen.net\/?p=500854","title":{"rendered":"Hospital regional en Nicol\u00e1s Romero ser\u00e1 realidad, gracias a gesti\u00f3n del gobierno local"},"content":{"rendered":"<p>&nbsp;<\/p>\n<ul>\n<li><strong><em>Reuni\u00f3n con representantes sindicales del IMSS<\/em><\/strong><\/li>\n<\/ul>\n<p>&nbsp;<\/p>\n<div id=\"attachment_500969\" style=\"width: 470px\" class=\"wp-caption aligncenter\"><a href=\"https:\/\/www.diarioimagen.net\/?attachment_id=500969\" rel=\"attachment wp-att-500969\"><img loading=\"lazy\" decoding=\"async\" aria-describedby=\"caption-attachment-500969\" class=\"size-full wp-image-500969\" src=\"https:\/\/www.diarioimagen.net\/wp-content\/uploads\/2021\/03\/nicolas-7.jpg\" alt=\"\" width=\"460\" height=\"270\" \/><\/a><p id=\"caption-attachment-500969\" class=\"wp-caption-text\">El alcalde Armando Navarrete L\u00f3pez sostuvo un encuentro con representantes de la delegaci\u00f3n XVI y secci\u00f3n 37 del Sindicato de Trabajadores del Seguro Social (SNTSS).<\/p><\/div>\n<p>&nbsp;<\/p>\n<p><strong>Nicol\u00e1s Romero, Estado de M\u00e9xico.-<\/strong> Con la plena convicci\u00f3n de que la salud de los ciudadanos es una de las mayores prioridades para la actual administraci\u00f3n, el alcalde Armando Navarrete L\u00f3pez sostuvo un encuentro con representantes de la delegaci\u00f3n XVI y secci\u00f3n 37 del Sindicato de Trabajadores del Seguro Social (SNTSS), con el prop\u00f3sito de afinar detalles y avanzar, para que en el territorio municipal sea habilitado un hospital del Instituto Mexicano del Seguro Social (IMSS), esto como resultado de la gesti\u00f3n efectuada por el edil, el cual tendr\u00e1 un impacto regional, ya que dar\u00e1 servicio a la poblaci\u00f3n de la demarcaci\u00f3n y otras circunvecinas, como Villa del Carb\u00f3n e Isidro Fabela.<\/p>\n<p>Dicho proyecto, contempla adem\u00e1s de la edificaci\u00f3n del nosocomio regional de 260 camas, una unidad de medicina familiar de 20 consultorios, con m\u00f3dulos de enfermer\u00eda y una guarder\u00eda, para trabajadores del Seguro Social.<\/p>\n<p>Al recibir en la sala de ex presidentes de Palacio Municipal al secretario general de la secci\u00f3n 37 del SNTSS, Manuel Hern\u00e1ndez Quintanar y m\u00e9dicos del IMSS interesados en impulsar dicho proyecto, el cual permitir\u00e1 ampliar la cobertura de servicio de salud en beneficio de los nicol\u00e1sromerenses, el edil afirm\u00f3 que lo que se busca, es trabajar de forma conjunta para generar condiciones propicias, que permitan la instalaci\u00f3n de un nosocomio en el municipio.<\/p>\n<p>\u201cLo que nosotros hemos manifestado, es nuestra total coincidencia con el IMSS en lo deseable que es un plan de este tipo, para una demarcaci\u00f3n como la nuestra, cuya poblaci\u00f3n se encuentra tan \u00e1vida de poder ejercer este derecho humano, que es el acceso a la salud por lo que hemos dejado en claro, que tenemos una total disposici\u00f3n para hacer todo lo que est\u00e9 en nuestras manos para concretarlo, en beneficio de la gente, los trabajadores del Seguro Social y de los mexiquenses\u201d, recalc\u00f3 Armando Navarrete.<\/p>\n<p>\u201cAs\u00ed como ocurri\u00f3 con en el caso de las obras de Sedatu, que son el resultado de una labor coordinada entre el ayuntamiento y el Gobierno de M\u00e9xico, hoy le estamos dando continuidad a este proyecto del hospital; no olvidemos que iniciamos las pl\u00e1ticas con el IMSS en 2019 y ahora se ve muy pr\u00f3ximo a poderlo concretar\u201d, asegur\u00f3 el presidente municipal.<\/p>\n<p>En su intervenci\u00f3n, el dirigente de la secci\u00f3n 37 del SNTSS, Manuel Hern\u00e1ndez Quintanar, tras reconocer el esfuerzo del gobierno local y del presidente municipal Armando Navarrete para que pueda cristalizar la habilitaci\u00f3n del hospital regional y luego de agradecer la calidad en el trato que el edil brinda a los trabajadores del IMSS, apunt\u00f3 que tambi\u00e9n se tiene planeada la construcci\u00f3n de un espacio deportivo, as\u00ed como un consultorio m\u00e9dico y uno dental en Nicol\u00e1s Romero, donde viven 1600 trabajadores del Seguro Social.<\/p>\n<p>Por su parte, la doctora Miralda Aguilar Patraca, titular del \u00d3rgano de Operaci\u00f3n Administrativa Desconcentrada Regional, Estado de M\u00e9xico Poniente del IMSS, destac\u00f3\u00a0 la disponibilidad del alcalde Armando Navarrete para hacer realidad el hospital, \u201cporque en esta zona, hace 46 a\u00f1os que no hemos crecido en infraestructura hospitalaria y sabemos, que en el municipio existe una gran necesidad de atenci\u00f3n m\u00e9dica, ya que \u00fanicamente se cuenta con una cl\u00ednica; por ello, es que estamos muy interesados en que se habilite el hospital regional.<\/p>\n","protected":false},"excerpt":{"rendered":"<p>Con la plena convicci\u00f3n de que la salud de los ciudadanos es una de las mayores prioridades para la actual administraci\u00f3n, el alcalde Armando Navarrete L\u00f3pez sostuvo un encuentro con representantes de la delegaci\u00f3n XVI y secci\u00f3n 37 del Sindicato de Trabajadores del Seguro Social (SNTSS),<\/p>\n","protected":false},"author":3,"featured_media":500969,"comment_status":"open","ping_status":"open","sticky":false,"template":"","format":"standard","meta":{"_monsterinsights_skip_tracking":false,"_monsterinsights_sitenote_active":false,"_monsterinsights_sitenote_note":"","_monsterinsights_sitenote_category":0,"footnotes":""},"categories":[5],"tags":[43675,69519,7196,752],"class_list":["post-500854","post","type-post","status-publish","format-standard","has-post-thumbnail","hentry","category-estado-de-mexico","tag-estado-de-mexico","tag-gestion","tag-gobierno","tag-nicolas-romero"],"_links":{"self":[{"href":"https:\/\/www.diarioimagen.net\/index.php?rest_route=\/wp\/v2\/posts\/500854","targetHints":{"allow":["GET"]}}],"collection":[{"href":"https:\/\/www.diarioimagen.net\/index.php?rest_route=\/wp\/v2\/posts"}],"about":[{"href":"https:\/\/www.diarioimagen.net\/index.php?rest_route=\/wp\/v2\/types\/post"}],"author":[{"embeddable":true,"href":"https:\/\/www.diarioimagen.net\/index.php?rest_route=\/wp\/v2\/users\/3"}],"replies":[{"embeddable":true,"href":"https:\/\/www.diarioimagen.net\/index.php?rest_route=%2Fwp%2Fv2%2Fcomments&post=500854"}],"version-history":[{"count":0,"href":"https:\/\/www.diarioimagen.net\/index.php?rest_route=\/wp\/v2\/posts\/500854\/revisions"}],"wp:featuredmedia":[{"embeddable":true,"href":"https:\/\/www.diarioimagen.net\/index.php?rest_route=\/wp\/v2\/media\/500969"}],"wp:attachment":[{"href":"https:\/\/www.diarioimagen.net\/index.php?rest_route=%2Fwp%2Fv2%2Fmedia&parent=500854"}],"wp:term":[{"taxonomy":"category","embeddable":true,"href":"https:\/\/www.diarioimagen.net\/index.php?rest_route=%2Fwp%2Fv2%2Fcategories&post=500854"},{"taxonomy":"post_tag","embeddable":true,"href":"https:\/\/www.diarioimagen.net\/index.php?rest_route=%2Fwp%2Fv2%2Ftags&post=500854"}],"curies":[{"name":"wp","href":"https:\/\/api.w.org\/{rel}","templated":true}]}}