{"id":500858,"date":"2021-03-24T00:04:54","date_gmt":"2021-03-24T06:04:54","guid":{"rendered":"https:\/\/www.diarioimagen.net\/?p=500858"},"modified":"2021-03-24T02:05:29","modified_gmt":"2021-03-24T08:05:29","slug":"el-edil-raciel-perez-dialogo-con-infantes-y-padres-de-familia-de-diversas-comunidades-de-tlalnepantla","status":"publish","type":"post","link":"https:\/\/www.diarioimagen.net\/?p=500858","title":{"rendered":"El edil Raciel P\u00e9rez dialog\u00f3 con infantes y padres de familia de diversas comunidades de Tlalnepantla"},"content":{"rendered":"<p>&nbsp;<\/p>\n<p><a href=\"https:\/\/www.diarioimagen.net\/?attachment_id=500966\" rel=\"attachment wp-att-500966\"><img loading=\"lazy\" decoding=\"async\" class=\"aligncenter size-full wp-image-500966\" src=\"https:\/\/www.diarioimagen.net\/wp-content\/uploads\/2021\/03\/tlalnepantla-11.jpg\" alt=\"\" width=\"460\" height=\"270\" \/><\/a><\/p>\n<p>&nbsp;<\/p>\n<p><strong>Tlalnepantla, Estado de M\u00e9xico<\/strong><strong>.-<\/strong> Raciel P\u00e9rez Cruz, presidente municipal de Nuestra Ciudad, dialog\u00f3 con ni\u00f1as, ni\u00f1os y padres de familia de las comunidades de Santa Cecilia, El Arenal, Chalma La Uni\u00f3n y Ampliaci\u00f3n Gustavo Baz, para escuchar sus propuestas y reforzar las acciones en beneficio de la ciudadan\u00eda.<\/p>\n","protected":false},"excerpt":{"rendered":"<p>Raciel P\u00e9rez Cruz, presidente municipal de Nuestra Ciudad, dialog\u00f3 con ni\u00f1as, ni\u00f1os y padres de familia de las comunidades de Santa Cecilia, El Arenal, Chalma La Uni\u00f3n y Ampliaci\u00f3n Gustavo Baz, para escuchar sus propuestas y reforzar las acciones en beneficio de la ciudadan\u00eda.<\/p>\n","protected":false},"author":3,"featured_media":500966,"comment_status":"open","ping_status":"open","sticky":false,"template":"","format":"standard","meta":{"_monsterinsights_skip_tracking":false,"_monsterinsights_sitenote_active":false,"_monsterinsights_sitenote_note":"","_monsterinsights_sitenote_category":0,"footnotes":""},"categories":[5],"tags":[43675,81517,169],"class_list":["post-500858","post","type-post","status-publish","format-standard","has-post-thumbnail","hentry","category-estado-de-mexico","tag-estado-de-mexico","tag-raciel-perez-cruz","tag-tlalnepantla"],"_links":{"self":[{"href":"https:\/\/www.diarioimagen.net\/index.php?rest_route=\/wp\/v2\/posts\/500858","targetHints":{"allow":["GET"]}}],"collection":[{"href":"https:\/\/www.diarioimagen.net\/index.php?rest_route=\/wp\/v2\/posts"}],"about":[{"href":"https:\/\/www.diarioimagen.net\/index.php?rest_route=\/wp\/v2\/types\/post"}],"author":[{"embeddable":true,"href":"https:\/\/www.diarioimagen.net\/index.php?rest_route=\/wp\/v2\/users\/3"}],"replies":[{"embeddable":true,"href":"https:\/\/www.diarioimagen.net\/index.php?rest_route=%2Fwp%2Fv2%2Fcomments&post=500858"}],"version-history":[{"count":0,"href":"https:\/\/www.diarioimagen.net\/index.php?rest_route=\/wp\/v2\/posts\/500858\/revisions"}],"wp:featuredmedia":[{"embeddable":true,"href":"https:\/\/www.diarioimagen.net\/index.php?rest_route=\/wp\/v2\/media\/500966"}],"wp:attachment":[{"href":"https:\/\/www.diarioimagen.net\/index.php?rest_route=%2Fwp%2Fv2%2Fmedia&parent=500858"}],"wp:term":[{"taxonomy":"category","embeddable":true,"href":"https:\/\/www.diarioimagen.net\/index.php?rest_route=%2Fwp%2Fv2%2Fcategories&post=500858"},{"taxonomy":"post_tag","embeddable":true,"href":"https:\/\/www.diarioimagen.net\/index.php?rest_route=%2Fwp%2Fv2%2Ftags&post=500858"}],"curies":[{"name":"wp","href":"https:\/\/api.w.org\/{rel}","templated":true}]}}