{"id":500898,"date":"2021-03-24T00:04:24","date_gmt":"2021-03-24T06:04:24","guid":{"rendered":"https:\/\/www.diarioimagen.net\/?p=500898"},"modified":"2021-03-24T01:11:12","modified_gmt":"2021-03-24T07:11:12","slug":"reversa-esperada","status":"publish","type":"post","link":"https:\/\/www.diarioimagen.net\/?p=500898","title":{"rendered":"Reversa esperada"},"content":{"rendered":"<h2>Perfil de M\u00e9xico<\/h2>\n<h5>Armando R\u00edos Ruiz<\/h5>\n<p>&nbsp;<\/p>\n<p>No s\u00f3lo un servidor. Muchos imaginamos que la aprobada Ley de la Industria El\u00e9ctrica sufrir\u00eda un rev\u00e9s, que el promotor de su aprobaci\u00f3n para dar preferencia a las energ\u00edas sucias o contaminantes, aceptar\u00eda con una simulaci\u00f3n de rabia por el hecho de que fuera reprobada por un juez. No fue m\u00e1s que un circo ante la opini\u00f3n p\u00fablica, para dar a entender que se defendi\u00f3 con denuedo y que a\u00fan se pelea en los tribunales para imponerla contra viento y marea.<\/p>\n<p>Desde que los analistas y conocedores del tema supieron que la iniciativa hab\u00eda entrado al Congreso, opinaron que la Suprema Corte la echar\u00eda abajo por peligrosa para la salud y por lo mismo, por inconstitucional. En ese momento, seguramente el Presidente estaba cierto de que el alto tribunal acatar\u00eda su orden de echarla a caminar, a como diera lugar.<\/p>\n<p>Pero no se contaba con la aparici\u00f3n repentina, inesperada, del Presidente de Estados Unidos, John Biden, quien propuso una entrevista virtual para hablar de temas inherentes a ambos pa\u00edses. Entre otros puntos, el vecino dijo al nuestro que esperaba su cooperaci\u00f3n, tanto como de Canad\u00e1, con la suma a su proyecto de alentar las energ\u00edas limpias para colaborar con el acuerdo de Francia, de combatir el calentamiento global.<\/p>\n<p>En nuestro pa\u00eds, el mandatario hizo como que deso\u00eda y continuaba con la insistencia de utilizar los elementos no renovables para producir energ\u00eda, a pesar de que contaminan mucho y de ser demasiado caras. Se aprob\u00f3 y se hicieron sonar las campanas de triunfo.<\/p>\n<p>Como era de esperarse, algunas empresas interpusieron amparos y el juez Juan Pablo G\u00f3mez Fierro detuvo la puesta en marcha de la ley. Alentadas por este hecho, el mismo recurso legal fue utilizado en otros lados y los procuradores de la ley actuaron de igual forma. El supuesto enojo presidencial vali\u00f3 para pedir a la Corte investigar al primer impartidor de justicia.<\/p>\n<p>La respuesta consisti\u00f3 en que no era posible impedir que el juez hiciera su trabajo conforme a su conocimiento de la ley y que aplicara su criterio acorde\u00a0 con la libertad y confianza que tiene para ello.<\/p>\n<p>El Presidente anunci\u00f3 que insistir\u00eda en las instancias legales para detener el veredicto del juez y de hecho as\u00ed se hizo y as\u00ed se hace, hasta obtener una resoluci\u00f3n de inviabilidad, a pesar de que el mismo abogado G\u00f3mez Fierro determin\u00f3 conceder una suspensi\u00f3n definitiva al uso de energ\u00edas no renovables.<\/p>\n<p>Todo este teatro se ha sustentado para dar a entender a los mexicanos que tienen todos sus sentidos obstruidos y que adem\u00e1s aman con vehemencia al Primer Mandatario, que se pelea con coraje contra las instancias legales, pero que, respetuoso de lo que \u00e9stas determinen, habr\u00e1 de acatar el resultado final, que indudablemente ser\u00e1 en contra de su empecinamiento por las energ\u00edas sucias.<\/p>\n<p>Alguien ha dicho que el Presidente albergaba un miedo enorme a Trump, quien lo utiliz\u00f3 como quiso para satisfacer ciertas promesas de campa\u00f1a, como el hecho de usar a la Guardia Nacional como muro de contenci\u00f3n en las fronteras norte y sur. La tarea consist\u00eda en impedir la llegada de migrantes centroamericanos a su pa\u00eds, tarea en la que nuestro gobierno colabor\u00f3 ampliamente. Cre\u00eda adem\u00e1s en los dichos de control del habitante de la Casa Blanca: \u201cMe cae bien el mexicanou\u201d.<\/p>\n<p>El mismo que sostuvo este argumento asegura que tambi\u00e9n le tiene miedo a Biden. Es de pensarse que es as\u00ed y que no sostendr\u00eda su ley por nada del mundo, porque provocar\u00eda el enojo de un vecino m\u00e1s prudente, m\u00e1s diplom\u00e1tico, m\u00e1s experimentado, pero no menos en\u00e9rgico.<\/p>\n<p>Le pidi\u00f3 ayuda con vacunas contra el coronavirus cuando tuvieron la conversaci\u00f3n virtual y el norteamericano se neg\u00f3, con el argumento de que primero est\u00e1n los habitantes de su pa\u00eds, aunque all\u00e1 se hayan vacunado m\u00e1s mexicanos que en M\u00e9xico. Despu\u00e9s consinti\u00f3 en \u201cprestar\u201d dos millones 700 mil aplicaciones. El pr\u00e9stamo, que en realidad es un aparente regalo, tiene una condici\u00f3n: otra vez el muro humano contra la migraci\u00f3n.<\/p>\n<p><a href=\"mailto:ariosruiz@gmail.com\" target=\"_blank\" rel=\"noopener noreferrer\"><em>ariosruiz@gmail.com<\/em><\/a><\/p>\n","protected":false},"excerpt":{"rendered":"<p><span style=\"color: #005497;\"><strong>Armando R\u00edos Ruiz<\/strong><\/span><\/p>\n","protected":false},"author":3,"featured_media":0,"comment_status":"open","ping_status":"open","sticky":false,"template":"","format":"standard","meta":{"_monsterinsights_skip_tracking":false,"_monsterinsights_sitenote_active":false,"_monsterinsights_sitenote_note":"","_monsterinsights_sitenote_category":0,"footnotes":""},"categories":[88405],"tags":[88407,43674,91193],"class_list":["post-500898","post","type-post","status-publish","format-standard","hentry","category-armando-rios-ruiz","tag-armando-rios-ruiz","tag-opinion","tag-perfil-de-mexico"],"_links":{"self":[{"href":"https:\/\/www.diarioimagen.net\/index.php?rest_route=\/wp\/v2\/posts\/500898","targetHints":{"allow":["GET"]}}],"collection":[{"href":"https:\/\/www.diarioimagen.net\/index.php?rest_route=\/wp\/v2\/posts"}],"about":[{"href":"https:\/\/www.diarioimagen.net\/index.php?rest_route=\/wp\/v2\/types\/post"}],"author":[{"embeddable":true,"href":"https:\/\/www.diarioimagen.net\/index.php?rest_route=\/wp\/v2\/users\/3"}],"replies":[{"embeddable":true,"href":"https:\/\/www.diarioimagen.net\/index.php?rest_route=%2Fwp%2Fv2%2Fcomments&post=500898"}],"version-history":[{"count":0,"href":"https:\/\/www.diarioimagen.net\/index.php?rest_route=\/wp\/v2\/posts\/500898\/revisions"}],"wp:attachment":[{"href":"https:\/\/www.diarioimagen.net\/index.php?rest_route=%2Fwp%2Fv2%2Fmedia&parent=500898"}],"wp:term":[{"taxonomy":"category","embeddable":true,"href":"https:\/\/www.diarioimagen.net\/index.php?rest_route=%2Fwp%2Fv2%2Fcategories&post=500898"},{"taxonomy":"post_tag","embeddable":true,"href":"https:\/\/www.diarioimagen.net\/index.php?rest_route=%2Fwp%2Fv2%2Ftags&post=500898"}],"curies":[{"name":"wp","href":"https:\/\/api.w.org\/{rel}","templated":true}]}}