{"id":500900,"date":"2021-03-24T00:03:36","date_gmt":"2021-03-24T06:03:36","guid":{"rendered":"https:\/\/www.diarioimagen.net\/?p=500900"},"modified":"2021-03-24T01:14:35","modified_gmt":"2021-03-24T07:14:35","slug":"colosio-no-heredo-partido","status":"publish","type":"post","link":"https:\/\/www.diarioimagen.net\/?p=500900","title":{"rendered":"Colosio no hered\u00f3 partido"},"content":{"rendered":"<h2>Espacio Electoral<\/h2>\n<h5>Eleazar Flores<\/h5>\n<p>&nbsp;<\/p>\n<p><strong>\u00bfEN PICADA?-.<\/strong> Habiendo temas diversos como el \u201cacuerdo por la democracia\u201d, cuyo resultado ser\u00e1 que nadie meta las manos a los comicios\u2026 menos uno o el cierre de un mill\u00f3n de empresas que generaron millones de desempleados, es obligado hablar del pasado, para no repetirlo.<\/p>\n<p>Pasado en todo, pero por hoy ser\u00e1 en pol\u00edtica pues a 27 a\u00f1os del magnicidio de Luis Donaldo Colosio Murrieta,\u00a0 M\u00e9xico viene siendo otro. Siendo su juicio el mejor, decida usted si viene siendo para bien o para mal.<\/p>\n<p>Del magnicidio en s\u00ed, ni insistir en el esclarecimiento, pues recuerde que casi todos los magnicidios en el mundo nunca se da con \u00e9l o los culpables. El caso de Kennedy es bot\u00f3n de muestra y conste que pas\u00f3 en el primer mundo.<\/p>\n<p><strong>EL ODIOSO HUBIERA-.<\/strong> Tratado ocasionalmente por ser candidato y este escribiente vocero tricolor mexiquense, Colosio tuvo amigos de verdad en el Estado de M\u00e9xico, uno de ellos fue el chalquense H\u00e9ctor Xim\u00e9nez, dirigente estatal priista a quien por lo mismo le \u201cve\u00edan\u201d muchas calidades.<\/p>\n<p>Pero la entrega de hoy es para hablar de los cercanos a Colosio, siendo uno de ellos quien hoy busca ser gobernador de la \u201cSonora querida\u201d. Atin\u00f3, Alfonso Durazo, quien como secretario particular debi\u00f3 saber lo p\u00fablico y lo privado de Luis Donaldo. Durazo ha probado de todo en pol\u00edtica.<\/p>\n<p>Lo incre\u00edble es que lo ha probado en otros partidos con personas de ideolog\u00eda y hasta estilos de vida diferentes al malogrado Colosio. Durazo fue secretario particular y despu\u00e9s vocero del primer presidente panista, el ex ejecutivo de Coca-Cola de M\u00e9xico, Vicente Fox Quesada.<\/p>\n<p>Por angas o por mangas\u2026 o por diferencias, para ser claros, Durazo sali\u00f3 del gabinete foxista no tan en buenos t\u00e9rminos, pero eso ya es historia y cuando empezaban a olvidarlo, Durazo aparece\u00a0 bajo las banderas del Movimiento\u00a0 Regeneraci\u00f3n Nacional.<\/p>\n<p><strong>EL HIJO-.<\/strong> Luis Donaldo Colosio Riojas, hijo de quien cuando fue dirigente nacional priista, pregonaba \u201cla \u00fanica l\u00ednea es que no hay l\u00ednea\u201d, cuando le preguntaban a qu\u00e9 candidatos apoyar, ya est\u00e1 en la pol\u00edtica, pero nunca en o con el PRI. Eso no importa, mientras los otros partidos no lo utilicen.<\/p>\n<p>Colosio Riojas busca ser alcalde de Monterrey, ciudad en la que vive y donde estudi\u00f3 -igual que su padre-, ahora s\u00f3lo falta que gane para demostrar de lo que ser\u00e1 capaz, pero siendo cuadro de otro partido, ser\u00e1 dif\u00edcil compararlo con quien con la frase: \u201cVeo a un M\u00e9xico con hambre y sed de justicia\u201d, cav\u00f3 su tumba, aseguraron los analistas pol\u00edticos que ve\u00edan en Salinas de Gortari como el m\u00e1s simpatizante de Camacho Sol\u00eds.<\/p>\n<p>Vividos esos momentos, es dif\u00edcil olvidarlos.<\/p>\n<p><em><a href=\"mailto:elefa44@gmail.com\" target=\"_blank\" rel=\"noopener noreferrer\">elefa44@gmail.com<\/a><\/em><\/p>\n","protected":false},"excerpt":{"rendered":"<p><span style=\"color: #005497;\"><strong>Eleazar Flores<\/strong><\/span><\/p>\n","protected":false},"author":3,"featured_media":0,"comment_status":"open","ping_status":"open","sticky":false,"template":"","format":"standard","meta":{"_monsterinsights_skip_tracking":false,"_monsterinsights_sitenote_active":false,"_monsterinsights_sitenote_note":"","_monsterinsights_sitenote_category":0,"footnotes":""},"categories":[81743],"tags":[81744,81776,43674],"class_list":["post-500900","post","type-post","status-publish","format-standard","hentry","category-eleazar-flores","tag-eleazar-flores","tag-espacio-electoral","tag-opinion"],"_links":{"self":[{"href":"https:\/\/www.diarioimagen.net\/index.php?rest_route=\/wp\/v2\/posts\/500900","targetHints":{"allow":["GET"]}}],"collection":[{"href":"https:\/\/www.diarioimagen.net\/index.php?rest_route=\/wp\/v2\/posts"}],"about":[{"href":"https:\/\/www.diarioimagen.net\/index.php?rest_route=\/wp\/v2\/types\/post"}],"author":[{"embeddable":true,"href":"https:\/\/www.diarioimagen.net\/index.php?rest_route=\/wp\/v2\/users\/3"}],"replies":[{"embeddable":true,"href":"https:\/\/www.diarioimagen.net\/index.php?rest_route=%2Fwp%2Fv2%2Fcomments&post=500900"}],"version-history":[{"count":0,"href":"https:\/\/www.diarioimagen.net\/index.php?rest_route=\/wp\/v2\/posts\/500900\/revisions"}],"wp:attachment":[{"href":"https:\/\/www.diarioimagen.net\/index.php?rest_route=%2Fwp%2Fv2%2Fmedia&parent=500900"}],"wp:term":[{"taxonomy":"category","embeddable":true,"href":"https:\/\/www.diarioimagen.net\/index.php?rest_route=%2Fwp%2Fv2%2Fcategories&post=500900"},{"taxonomy":"post_tag","embeddable":true,"href":"https:\/\/www.diarioimagen.net\/index.php?rest_route=%2Fwp%2Fv2%2Ftags&post=500900"}],"curies":[{"name":"wp","href":"https:\/\/api.w.org\/{rel}","templated":true}]}}