{"id":500986,"date":"2021-03-25T00:14:51","date_gmt":"2021-03-25T06:14:51","guid":{"rendered":"https:\/\/www.diarioimagen.net\/?p=500986"},"modified":"2021-03-25T04:41:57","modified_gmt":"2021-03-25T10:41:57","slug":"incluye-rumania-a-florian-tudor-en-su-lista-de-los-mas-buscados","status":"publish","type":"post","link":"https:\/\/www.diarioimagen.net\/?p=500986","title":{"rendered":"Incluye Rumania a Florian Tudor en su lista de los m\u00e1s buscados"},"content":{"rendered":"<p>&nbsp;<\/p>\n<ul>\n<li><strong><em>Acusado de chantaje, lavado y delincuencia organizada<\/em><\/strong><\/li>\n<\/ul>\n<p>&nbsp;<\/p>\n<div id=\"attachment_501122\" style=\"width: 470px\" class=\"wp-caption aligncenter\"><a href=\"https:\/\/www.diarioimagen.net\/?attachment_id=501122\" rel=\"attachment wp-att-501122\"><img loading=\"lazy\" decoding=\"async\" aria-describedby=\"caption-attachment-501122\" class=\"size-full wp-image-501122\" src=\"https:\/\/www.diarioimagen.net\/wp-content\/uploads\/2021\/03\/FLORIAN-TUDOR.jpg\" alt=\"\" width=\"460\" height=\"307\" \/><\/a><p id=\"caption-attachment-501122\" class=\"wp-caption-text\">Un tribunal en Bucarest emiti\u00f3 una orden de aprehensi\u00f3n contra Florian Tudor, alias \u201cEl Tibur\u00f3n\u201d.<\/p><\/div>\n<p>&nbsp;<\/p>\n<p>Florian Tudor, vinculado con la mafia rumana o Banda de la Riviera Maya, dedicada a la clonaci\u00f3n de tarjetas bancarias en destinos tur\u00edsticos de M\u00e9xico, ya se encuentra en la lista de fugitivos m\u00e1s buscados de la polic\u00eda rumana. Existe una orden de detenci\u00f3n preventiva contra el empresario rumano emitida por el Tribunal de Bucarest Secci\u00f3n Penal I, de acuerdo con las autoridades de ese pa\u00eds.<\/p>\n<p>El presunto l\u00edder de un grupo dedicado a clonar tarjetas bancarias y otros delitos desde Quintana Roo es acusado de chantaje, lavado de dinero y delincuencia organizada, de acuerdo con la orden de arresto.<\/p>\n<p>Apenas el 4 de marzo pasado, Tudor fue recibido por la Secretaria de Seguridad y Protecci\u00f3n Ciudadana (SSyPC), Rosa Icela Rodr\u00edguez, luego que se quej\u00f3 de una investigaci\u00f3n federal en su contra, en la que participa la Unidad de Inteligencia Financiera (UIF). La titular de la SSyPC inform\u00f3 que el rumano recibi\u00f3 una fecha para la garant\u00eda de audiencia con la UIF para que exponga sus motivos. A mediados de febrero la UIF denunci\u00f3 ante la Fiscal\u00eda General de la Rep\u00fablica (FGR) a una red de empresarios y pol\u00edticos presuntamente relacionados con la mafia rumana.<\/p>\n<p>Tudor ha sostenido que autoridades mexicanas han orquestado una persecuci\u00f3n en su contra y que hasta lo han extorsionado.<\/p>\n<p>Comienza a derrumbarse imperio de \u201cEl Tibur\u00f3n\u201d: Alberto Capella<\/p>\n<p>Por su parte,\u00a0 Alberto Capella, ex Secretario de Seguridad P\u00fablica de Quintana Roo, quien radica fuera de M\u00e9xico, celebr\u00f3 que un Tribunal de Bucarest aprobara la petici\u00f3n de la Direcci\u00f3n de Investigaci\u00f3n del Crimen Organizado y Terrorismo (DIICOT) para emitir una orden de arresto preventivo en nombre de Florian Tudor, alias \u201cEl Tibur\u00f3n\u201d.<\/p>\n<p>En una entrevista televisiva, Capella dijo que el castillo que construy\u00f3 Tudor, presunto l\u00edder de una banda de clonadores de tarjetas, comenzar\u00e1 a derrumbarse, aunque esto tomar\u00e1 varios a\u00f1os.<\/p>\n<p>\u201cMiedo debe tener \u00e9l y todo el c\u00edrculo de protecci\u00f3n institucional que ha tenido por a\u00f1os. Ahorita deben estar temblando muchos. \u00c9ste es un asunto para Ripley, c\u00f3mo un personaje con tantos antecedentes se da ba\u00f1os de pureza, ataca a diestra y siniestra. Sorprende, como lamentablemente se dio con la buena fe de algunas instituciones o de autoridades, victimiz\u00e1ndose y de una manera sumamente cobarde, poniendo por enfrente a sus hijos menores diciendo una sarta de tonter\u00edas.<\/p>\n<p>\u201cLa decisi\u00f3n que se toma el d\u00eda de ayer en Rumania viene a respaldar de manera sustancial lo que por mucho tiempo, a\u00f1os, se ha venido manejando por agencias extranjeras que lo investigan. Esto apenas empieza, falta mucho todav\u00eda, le va a colgar un par de a\u00f1os, estoy seguro cu\u00e1l va a ser el resultado final. Me da gusto que ya exista en los altos niveles de mi pa\u00eds, en la parte gubernamental, un equipo de trabajo analizando este tema\u201d.<\/p>\n<p>Destac\u00f3 que el gobierno de la rep\u00fablica haya hecho su trabajo, a trav\u00e9s de la Unidad de Inteligencia Financiera, y haya congelado las cuentas de gente relacionada con el rumano, ya que eso genera el primer antecedente de un proceso en contra del empresario; sin embargo, lament\u00f3 no haya sido en M\u00e9xico donde haya sido procesado.<\/p>\n<p>\u201cBueno, finalmente hay una contundencia en su lugar de origen, no ha sido sentenciado, pero hay una decisi\u00f3n donde se le sujeta a proceso y que cambia la narrativa de este sujeto que se dec\u00eda v\u00edctima de la persecuci\u00f3n de autoridades mexicanas\u201d, dijo.<\/p>\n<p>El ex mando policiaco de Quintana Roo dej\u00f3 al descubierto una serie de il\u00edcitos que comet\u00eda Tudor en territorio mexicano, no obstante, el rumano ha sostenido una versi\u00f3n de v\u00edctima ante la (FGR) que llev\u00f3 a la Fiscal\u00eda Anticorrupci\u00f3n a investigar a los agentes federales y estatales que investigaban a Tudor.<\/p>\n<p>\u201cEl sujeto lleg\u00f3 hace diez a\u00f1os a M\u00e9xico para generar una actividad presuntamente delictiva con gran \u00e9xito, vergonzosamente por el apoyo de distintas instancias de gobiernos que le fueron dando durante este periodo de tiempo y la librado cualquier persecuci\u00f3n y embestir a funcionarios que se atreviesen en su camino, es un actorazo\u201d, se\u00f1al\u00f3 Capella.<\/p>\n<p>El ex titular de la SSP de Quintana Roo, quien radica fuera del pa\u00eds por amenazas de Tudor, indag\u00f3 a la red rumana y detect\u00f3 sus nexos con la trata de personas, clonaci\u00f3n de tarjetas bancarias, narcomenudeo, entre otras.<\/p>\n<p>\u201cSituaci\u00f3n que no puedo afirmar porque le toca a un juez, pero a m\u00ed me quedan perfectamente claro los antecedentes de este grupo delictivo, la orden de aprehensi\u00f3n en su contra viene a cambiar su narrativa de este empresario \u2018v\u00edctima de la persecuci\u00f3n de las autoridades mexicanas\u2019, argument\u00f3 que ha venido manejando con mucha fuerza gracias a su capacidad econ\u00f3mica y que sorprendi\u00f3 la buena fe de algunas autoridades\u201d, concluy\u00f3.<\/p>\n","protected":false},"excerpt":{"rendered":"<p>Florian Tudor, vinculado con la mafia rumana o Banda de la Riviera Maya, dedicada a la clonaci\u00f3n de tarjetas bancarias en destinos tur\u00edsticos de M\u00e9xico, ya se encuentra en la lista de fugitivos m\u00e1s buscados de la polic\u00eda rumana. Existe una orden de detenci\u00f3n preventiva contra el empresario rumano emitida por el Tribunal de Bucarest Secci\u00f3n Penal I, de acuerdo con las autoridades de ese pa\u00eds.<\/p>\n","protected":false},"author":3,"featured_media":501122,"comment_status":"open","ping_status":"open","sticky":false,"template":"","format":"standard","meta":{"_monsterinsights_skip_tracking":false,"_monsterinsights_sitenote_active":false,"_monsterinsights_sitenote_note":"","_monsterinsights_sitenote_category":0,"footnotes":""},"categories":[7],"tags":[92635,83831,43677],"class_list":["post-500986","post","type-post","status-publish","format-standard","has-post-thumbnail","hentry","category-seguridad","tag-buscado","tag-rumania","tag-seguridad"],"_links":{"self":[{"href":"https:\/\/www.diarioimagen.net\/index.php?rest_route=\/wp\/v2\/posts\/500986","targetHints":{"allow":["GET"]}}],"collection":[{"href":"https:\/\/www.diarioimagen.net\/index.php?rest_route=\/wp\/v2\/posts"}],"about":[{"href":"https:\/\/www.diarioimagen.net\/index.php?rest_route=\/wp\/v2\/types\/post"}],"author":[{"embeddable":true,"href":"https:\/\/www.diarioimagen.net\/index.php?rest_route=\/wp\/v2\/users\/3"}],"replies":[{"embeddable":true,"href":"https:\/\/www.diarioimagen.net\/index.php?rest_route=%2Fwp%2Fv2%2Fcomments&post=500986"}],"version-history":[{"count":0,"href":"https:\/\/www.diarioimagen.net\/index.php?rest_route=\/wp\/v2\/posts\/500986\/revisions"}],"wp:featuredmedia":[{"embeddable":true,"href":"https:\/\/www.diarioimagen.net\/index.php?rest_route=\/wp\/v2\/media\/501122"}],"wp:attachment":[{"href":"https:\/\/www.diarioimagen.net\/index.php?rest_route=%2Fwp%2Fv2%2Fmedia&parent=500986"}],"wp:term":[{"taxonomy":"category","embeddable":true,"href":"https:\/\/www.diarioimagen.net\/index.php?rest_route=%2Fwp%2Fv2%2Fcategories&post=500986"},{"taxonomy":"post_tag","embeddable":true,"href":"https:\/\/www.diarioimagen.net\/index.php?rest_route=%2Fwp%2Fv2%2Ftags&post=500986"}],"curies":[{"name":"wp","href":"https:\/\/api.w.org\/{rel}","templated":true}]}}