{"id":501026,"date":"2021-03-25T00:02:25","date_gmt":"2021-03-25T06:02:25","guid":{"rendered":"https:\/\/www.diarioimagen.net\/?p=501026"},"modified":"2021-03-26T01:35:35","modified_gmt":"2021-03-26T07:35:35","slug":"mayoria-morenista-en-san-lazaro-intenta-poner-bajo-fuego-a-cordova-y-a-murayama","status":"publish","type":"post","link":"https:\/\/www.diarioimagen.net\/?p=501026","title":{"rendered":"Mayor\u00eda morenista en San L\u00e1zaro intenta poner bajo fuego a C\u00f3rdova y a Murayama"},"content":{"rendered":"<h2>La Retaguardia<\/h2>\n<h5>Adriana Moreno Cordero<\/h5>\n<p><em>\u00a0<\/em><\/p>\n<ul>\n<li><strong><em>Javier May, titular de Bienestar, est\u00e1 m\u00e1s ocupado en lo electoral<\/em><\/strong><\/li>\n<\/ul>\n<p><strong>\u00a0<\/strong><\/p>\n<p>Al colmo y a la aberraci\u00f3n, sin duda, han llegado los diputados de la mayor\u00eda de Morena, que coordina <strong>Ignacio Mier<\/strong>. Por lo que se ve, es tal la presi\u00f3n que ejerce ni m\u00e1s ni menos que el presidente <strong>Andr\u00e9s Manuel L\u00f3pez Obrador<\/strong> sobre ellos para que cumplan con la menor de sus \u00f3rdenes, que la v\u00edspera para las trascendentales elecciones del ya pr\u00f3ximo 6 de junio, ahora salieron con que quieren promover juicio pol\u00edtico en contra del consejero presidente del INE, <strong>Lorenzo C\u00f3rdova<\/strong> y el consejero <strong>Ciro Murayama<\/strong> para que sean removidos de dicho Instituto porque en el tema de la sobrerrepresentaci\u00f3n que aprobaron, favorecieron a la oposici\u00f3n y no al partido oficial.<\/p>\n<p>La discusi\u00f3n en la C\u00e1mara baja, donde indiscriminadamente Morena hace uso del recurso de juicio pol\u00edtico para destruir a quienes consideran sus enemigos,\u00a0 se volvi\u00f3 muy intensa y tirante. Por parte de la aplanadora morenista hablaron <strong>\u00c1ngeles Huerta<\/strong> y desde luego la r\u00e9mora petista, <strong>Gerardo Fern\u00e1ndez Noro\u00f1a<\/strong>, con su acostumbrado y \u201cflorido\u201d lenguaje. De hecho, un d\u00eda ante, el martes, el propio presidente L\u00f3pez Obrador hab\u00eda dado una se\u00f1al de su desprecio por el INE, al no haberlos convocado a Palacio Nacional, a la firma de su tan \u201claureado\u201d Acuerdo Nacional por la Democracia en un acto que -se reitera- a todas luces no corresponde al Ejecutivo simple y llanamente, porque no es la instancia adecuada, por m\u00e1s que el tabasque\u00f1o se autoerija como el \u00e1rbitro absoluto de los pr\u00f3ximos comicios.<\/p>\n<p>Hay que se\u00f1alar que antes, el l\u00edder nacional de Morena, <strong>Mario Mart\u00edn Delgado<\/strong>, cuestion\u00f3 al INE por no haber actuado como le hubiera gustado al partido oficial, sin embargo, al no haber obtenido eco, el Presidente envi\u00f3 a sus huestes en el Palacio Legislativo de San L\u00e1zaro a\u00a0 tratar de poner bajo fuego al doctor Lorenzo C\u00f3rdova y al consejero Murayama.<\/p>\n<p>En este sentido, que le pregunten al consejero <strong>Uuc-kib Espadas<\/strong>, que lleg\u00f3 al INE ya durante la gesti\u00f3n de L\u00f3pez Obrador y que explic\u00f3 que el Instituto Nacional Electoral, estableci\u00f3 con toda claridad el mecanismo que garantiza que los diputados se contabilicen para el partido al que realmente pertenecen y as\u00ed evitar que simulando la militancia en una u otra fuerza pol\u00edtica se pueda burlar esta sobrerrepresentaci\u00f3n. Y la verdad es que Morena intenta burlarse.<\/p>\n<p>Con raz\u00f3n en la Encuesta Nacional de Cultura C\u00edvica, presentada apenas por Inegi-INE, 7 de cada 10 mexicanos no est\u00e1 conforme con la democracia que tiene; \u00e9sta en la que los de la llamada cuarta transformaci\u00f3n dicen que son diferentes.<\/p>\n<p>Continuando con dicho sondeo, el 69% opin\u00f3 que se necesita un gobierno donde todos participen en la toma de decisiones y, -mucho ojo-, que est\u00e9 encabezado por expertos que las tomen. \u00a1Qu\u00e9 lejos estamos de ese panorama con un presidente como el que tenemos!<\/p>\n<p>Por su parte, las y los diputados que conforman la bancada del PRI en la C\u00e1mara de Diputados, que coordina <strong>Ren\u00e9 Ju\u00e1rez Cisneros<\/strong>, hicieron p\u00fablica su posici\u00f3n respecto al tema de la sobrerrepresentaci\u00f3n. Consideraron los tricolores que las medidas tomadas por el Instituto Nacional Electoral, para hacer cumplir la Constituci\u00f3n, con el cual ninguna fuerza pol\u00edtica debe rebasar en m\u00e1s del 8% el n\u00famero de legisladores que efectivamente gan\u00f3 en las urnas, es parte de sus obligaciones. Construir mayor\u00edas ficticias es un fraude para los votantes, ning\u00fan partido con vocaci\u00f3n democr\u00e1tica\u00a0deber\u00eda molestarse porque le impidan violar la Constituci\u00f3n.<\/p>\n<p>Este fen\u00f3meno de creaci\u00f3n de mayor\u00edas no\u00a0es nuevo, ocurri\u00f3 desde 2012; pero nunca antes se hab\u00eda visto tan en riesgo la pluralidad pol\u00edtica, el avasallamiento a las minor\u00edas y la imposici\u00f3n de la visi\u00f3n de una sola persona como ocurri\u00f3 en esta Legislatura.\u00a0\u201cEn el PRI estamos convencidos que una misma fuerza pol\u00edtica puede ganar la Presidencia de la Rep\u00fablica y tener mayor\u00eda en el Poder Legislativo con el respaldo del voto popular; pero se viola la Constituci\u00f3n y las leyes cuando se abusa de los convenios de coalici\u00f3n con otros partidos, se miente sobre la militancia de sus candidatos y se multiplica el n\u00famero de sus legisladores hasta rebasar por mucho los l\u00edmites constitucionales para aprobar reformas sin necesidad de llegar a acuerdos con la oposici\u00f3n.\u00a0Esa es una acci\u00f3n tramposa y que defrauda a los votantes, especialmente a los que eligieron otras opciones pol\u00edticas\u201d, sentenciaron los diputados pri\u00edstas.<\/p>\n<p style=\"text-align: center;\"><strong>Municiones <\/strong><\/p>\n<p>*** En una amable carta, <strong>Jos\u00e9 Antonio Licea Cadena<\/strong>, titular del \u00e1rea de Comunicaci\u00f3n Social de la Unidad de Inteligencia Financiera, (UIF), hace una oportuna aclaraci\u00f3n y por esa raz\u00f3n, ofrecemos una disculpa p\u00fablica por un error totalmente involuntario. En anterior entrega y por error, en este espacio se consign\u00f3 que <strong>Santiago Nieto Castillo<\/strong> hab\u00eda estado presente hace dos d\u00edas en Palacio Nacional, durante la firma del Acuerdo Nacional por la Democracia, lo cual no es verdad. Quien s\u00ed asisti\u00f3 fue el Fiscal General de la Rep\u00fablica, <strong>Alejandro Gertz<\/strong>. Aclarado el punto, reiteramos la disculpa y agradecemos la aclaraci\u00f3n por la involuntaria confusi\u00f3n.<\/p>\n<p>*** Una historia para contar. Pobre de aquella persona perteneciente a la tercera edad que extrav\u00ede su Tarjeta del Bienestar, porque deber\u00e1 enfrentarse a un impresionante burocratismo en dicha dependencia que encabeza el siempre flamante <strong>Javier May<\/strong>. Reportar al Banco correspondiente la p\u00e9rdida para bloquearla, afortunadamente es muy r\u00e1pido, pero a la hora de intentar comunicarse a dicha secretar\u00eda para con un n\u00famero de folio reponer el pl\u00e1stico, es marcar una serie de n\u00fameros telef\u00f3nicos, -varios de ellos ni existen-, que por horas suenan ocupados. Luego, aparece una grabaci\u00f3n en la que se dice \u201cen un momento le atender\u00e1n\u201d que dizque porque la llamada es lo m\u00e1s importante. De ah\u00ed, transcurren horas y horas sin que nadie atienda hasta que por s\u00ed sola, la llamada se corta. Lo mismo ocurre en el conmutador de la delegaci\u00f3n de la CDMX de la Secretar\u00eda del Bienestar, <strong>5557051178<\/strong>, pero eso s\u00ed, recuerdan que el horario de atenci\u00f3n es de 9 de la ma\u00f1ana a 6 de la tarde. \u00bfSer\u00e1 que el se\u00f1or May no le presta el menor inter\u00e9s a la atenci\u00f3n de los adultos mayores? Bueno, es que probablemente andar\u00e1 m\u00e1s ocupado en que los programas sociales le redit\u00faen electoralmente a los candidatos de su partido, Morena; con las vacunas, ya pas\u00f3. Lo bueno es que los integrantes de esta llamada cuarta transformaci\u00f3n son diferentes, pues s\u00ed, el problema es que son peores.<\/p>\n<p><u><a href=\"mailto:morcora@gmail.com\" target=\"_blank\" rel=\"noopener noreferrer\"><em>morcora@gmail.com<\/em><\/a><\/u><\/p>\n","protected":false},"excerpt":{"rendered":"<p><span style=\"color: #005497;\"><strong>Adriana Moreno Cordero<\/strong><\/span><\/p>\n","protected":false},"author":3,"featured_media":0,"comment_status":"open","ping_status":"open","sticky":false,"template":"","format":"standard","meta":{"_monsterinsights_skip_tracking":false,"_monsterinsights_sitenote_active":false,"_monsterinsights_sitenote_note":"","_monsterinsights_sitenote_category":0,"footnotes":""},"categories":[69370],"tags":[69369,69368,43674],"class_list":["post-501026","post","type-post","status-publish","format-standard","hentry","category-adriana-moreno-cordero","tag-adriana-moreno-cordero","tag-la-retaguardia","tag-opinion"],"_links":{"self":[{"href":"https:\/\/www.diarioimagen.net\/index.php?rest_route=\/wp\/v2\/posts\/501026","targetHints":{"allow":["GET"]}}],"collection":[{"href":"https:\/\/www.diarioimagen.net\/index.php?rest_route=\/wp\/v2\/posts"}],"about":[{"href":"https:\/\/www.diarioimagen.net\/index.php?rest_route=\/wp\/v2\/types\/post"}],"author":[{"embeddable":true,"href":"https:\/\/www.diarioimagen.net\/index.php?rest_route=\/wp\/v2\/users\/3"}],"replies":[{"embeddable":true,"href":"https:\/\/www.diarioimagen.net\/index.php?rest_route=%2Fwp%2Fv2%2Fcomments&post=501026"}],"version-history":[{"count":0,"href":"https:\/\/www.diarioimagen.net\/index.php?rest_route=\/wp\/v2\/posts\/501026\/revisions"}],"wp:attachment":[{"href":"https:\/\/www.diarioimagen.net\/index.php?rest_route=%2Fwp%2Fv2%2Fmedia&parent=501026"}],"wp:term":[{"taxonomy":"category","embeddable":true,"href":"https:\/\/www.diarioimagen.net\/index.php?rest_route=%2Fwp%2Fv2%2Fcategories&post=501026"},{"taxonomy":"post_tag","embeddable":true,"href":"https:\/\/www.diarioimagen.net\/index.php?rest_route=%2Fwp%2Fv2%2Ftags&post=501026"}],"curies":[{"name":"wp","href":"https:\/\/api.w.org\/{rel}","templated":true}]}}