{"id":501051,"date":"2021-03-25T00:04:51","date_gmt":"2021-03-25T06:04:51","guid":{"rendered":"https:\/\/www.diarioimagen.net\/?p=501051"},"modified":"2021-03-25T02:42:13","modified_gmt":"2021-03-25T08:42:13","slug":"millones-sin-escuela-por-covid-y-pobreza","status":"publish","type":"post","link":"https:\/\/www.diarioimagen.net\/?p=501051","title":{"rendered":"Millones sin escuela por Covid y pobreza"},"content":{"rendered":"<h2>Punto por punto<\/h2>\n<h5>Augusto Corro<\/h5>\n<p>&nbsp;<\/p>\n<p>Pandemia dej\u00f3 sin escuela a 2.3 millones de alumnos del ciclo escolar 2020-21; otros 2.9 millones no se inscribieron por falta de recursos, y 3.3 millones m\u00e1s tuvieron que trabajar.<\/p>\n<p>Fueron en total 8.8 millones de estudiantes entre 3 y 29 a\u00f1os se quedaron sin escuela debido al coronavirus, la falta de dinero o la necesidad de trabajar.<\/p>\n<p>El problema se reparti\u00f3, tanto en escuelas p\u00fablicas como privadas, seg\u00fan un informe del Instituto Nacional de Estad\u00edstica y Geograf\u00eda (Inegi).<\/p>\n<p>La deserci\u00f3n escolar continuar\u00e1 mientras permanezca la pandemia, la pobreza y una econom\u00eda entrampada.<\/p>\n<p>Ser\u00e1n irreparables los da\u00f1os a la educaci\u00f3n. \u00bfSeremos un pa\u00eds de analfabetas? \u00bfO qu\u00e9 es lo que hacen las autoridades para superar la deserci\u00f3n?<\/p>\n<p>\u00bfEn fin, cu\u00e1les son los proyectos para erradicar la pobreza y el desempleo?<\/p>\n<p>Para empezar, no se ve ninguna posibilidad de que las autoridades busquen soluciones a los problemas que mencionamos.<\/p>\n<p>No fue suficiente con las clases por l\u00ednea o los cursos a distancia para enfrentar la amenaza de la pandemia.<\/p>\n<p>Era necesario realizar estudios para evitar que millones de estudiantes se quedaran sin escuela. Aplicar medidas preventivas para enfrentar la pandemia.<\/p>\n<p>En un sinn\u00famero de hogares, los j\u00f3venes dejaron los estudios obligados por la necesidad de trabajar para conseguir comida, pues el jefe de familia se qued\u00f3 sin empleo. En otros casos, los ni\u00f1os y j\u00f3venes carec\u00edan del equipo que les permitiera recibir la educaci\u00f3n en casa.<\/p>\n<p>Lo que viene en materia de educaci\u00f3n es incierto. Sin programas para evitar la deserci\u00f3n escolar poco a nada se podr\u00e1 hacer.<\/p>\n<p>Las autoridades educativas atienden otras cuestiones, quiz\u00e1s muy importantes para ellas, pero que hacen a un lado el problema de millones de estudiantes que se quedaron sin escuela.<\/p>\n<p>En el rengl\u00f3n de la pobreza no se avanza en su erradicaci\u00f3n. Cada vez aumenta el n\u00famero de pobres y a la crisis econ\u00f3mica no se le ve salida.\u00a0 Las personas de escasos recursos econ\u00f3micos fueron afectadas negativamente, con mayor rigor, por la pandemia.<\/p>\n<p>La necesidad de conseguir recursos econ\u00f3micos para subsistir oblig\u00f3 a los j\u00f3venes a dejar la escuela para conseguir trabajo y algo de dinero.<\/p>\n<p>La educaci\u00f3n es fundamental para el desarrollo de un pa\u00eds. Abandonarla o descuidarla traer\u00e1 consecuencias graves.<\/p>\n<p>A\u00fan es tiempo de que las autoridades educativas dediquen mayor inter\u00e9s para atender la deserci\u00f3n escolar. En el presente nadie quiere prestarle la atenci\u00f3n urgente y necesaria a tan grave problema.<\/p>\n<p>Ojal\u00e1 y despu\u00e9s nadie tenga que arrepentirse de tanta indiferencia hacia los asuntos que repercuten negativamente en la educaci\u00f3n.<\/p>\n<p style=\"text-align: center;\"><strong>En Brasil, r\u00e9cord hist\u00f3rico<\/strong><\/p>\n<p>Brasil registr\u00f3 m\u00e1s de 3 mil muertes por Covid-19 en un solo d\u00eda. Esto representa un r\u00e9cord hist\u00f3rico para ese pa\u00eds que lo ubica como el nuevo foco mundial de la pandemia.<\/p>\n<p>Con ese n\u00famero de decesos, esa naci\u00f3n sure\u00f1a se encuentra cerca del colapso y su descontrol de la pandemia tiene en vilo a toda Sudam\u00e9rica.<\/p>\n<p>Los decesos por Covid-19 suman 300 mil. Brasil es el segundo pa\u00eds con m\u00e1s casos de coronavirus confirmados en la actualidad.<\/p>\n<p>Aqu\u00ed en M\u00e9xico sigue la lucha contra la pandemia con 199 mil defunciones, con la amenaza de una tercera ola.<\/p>\n<p>Ayer, en la Ciudad de M\u00e9xico se agregaron dos alcald\u00edas m\u00e1s al plan de vacunaci\u00f3n: Coyoac\u00e1n y Tlalpan.\u00a0 Mientras las autoridades educativas analizar\u00e1n el \u201cRegreso Seguro\u201d a clases, en estados que se encuentren en color verde en el sem\u00e1foro epidemiol\u00f3gico.<\/p>\n<p>De acuerdo con los especialistas, M\u00e9xico necesita pasar de un lento e ineficiente inicio de inmunizaci\u00f3n para contener la pandemia, a una verdadera vacunaci\u00f3n masiva.<\/p>\n<p>\u00bfUsted qu\u00e9 opina amable lector?<\/p>\n<p><a href=\"mailto:aco2742@hotmail.com\" target=\"_blank\" rel=\"noopener noreferrer\"><em>aco2742@hotmail.com<\/em><\/a><\/p>\n","protected":false},"excerpt":{"rendered":"<p><span style=\"color: #005497;\"><strong>Augusto Corro<\/strong><\/span><\/p>\n","protected":false},"author":3,"featured_media":0,"comment_status":"open","ping_status":"open","sticky":false,"template":"","format":"standard","meta":{"_monsterinsights_skip_tracking":false,"_monsterinsights_sitenote_active":false,"_monsterinsights_sitenote_note":"","_monsterinsights_sitenote_category":0,"footnotes":""},"categories":[157],"tags":[43686,43674,11515],"class_list":["post-501051","post","type-post","status-publish","format-standard","hentry","category-augusto-corro","tag-augusto-corro","tag-opinion","tag-punto-por-punto"],"_links":{"self":[{"href":"https:\/\/www.diarioimagen.net\/index.php?rest_route=\/wp\/v2\/posts\/501051","targetHints":{"allow":["GET"]}}],"collection":[{"href":"https:\/\/www.diarioimagen.net\/index.php?rest_route=\/wp\/v2\/posts"}],"about":[{"href":"https:\/\/www.diarioimagen.net\/index.php?rest_route=\/wp\/v2\/types\/post"}],"author":[{"embeddable":true,"href":"https:\/\/www.diarioimagen.net\/index.php?rest_route=\/wp\/v2\/users\/3"}],"replies":[{"embeddable":true,"href":"https:\/\/www.diarioimagen.net\/index.php?rest_route=%2Fwp%2Fv2%2Fcomments&post=501051"}],"version-history":[{"count":0,"href":"https:\/\/www.diarioimagen.net\/index.php?rest_route=\/wp\/v2\/posts\/501051\/revisions"}],"wp:attachment":[{"href":"https:\/\/www.diarioimagen.net\/index.php?rest_route=%2Fwp%2Fv2%2Fmedia&parent=501051"}],"wp:term":[{"taxonomy":"category","embeddable":true,"href":"https:\/\/www.diarioimagen.net\/index.php?rest_route=%2Fwp%2Fv2%2Fcategories&post=501051"},{"taxonomy":"post_tag","embeddable":true,"href":"https:\/\/www.diarioimagen.net\/index.php?rest_route=%2Fwp%2Fv2%2Ftags&post=501051"}],"curies":[{"name":"wp","href":"https:\/\/api.w.org\/{rel}","templated":true}]}}