{"id":501167,"date":"2021-03-26T00:05:54","date_gmt":"2021-03-26T06:05:54","guid":{"rendered":"https:\/\/www.diarioimagen.net\/?p=501167"},"modified":"2021-03-26T03:50:07","modified_gmt":"2021-03-26T09:50:07","slug":"inicia-hoy-vacunacion-de-adultos-mayores-en-zinacantepec-y-metepec","status":"publish","type":"post","link":"https:\/\/www.diarioimagen.net\/?p=501167","title":{"rendered":"Inicia hoy vacunaci\u00f3n de adultos mayores en Zinacantepec y Metepec"},"content":{"rendered":"<p>&nbsp;<\/p>\n<ul>\n<li><strong><em>Se han inmunizado en la entidad m\u00e1s de 700 mil abuelitos<\/em><\/strong><\/li>\n<\/ul>\n<p>&nbsp;<\/p>\n<div id=\"attachment_501291\" style=\"width: 470px\" class=\"wp-caption aligncenter\"><a href=\"https:\/\/www.diarioimagen.net\/?attachment_id=501291\" rel=\"attachment wp-att-501291\"><img loading=\"lazy\" decoding=\"async\" aria-describedby=\"caption-attachment-501291\" class=\"size-full wp-image-501291\" src=\"https:\/\/www.diarioimagen.net\/wp-content\/uploads\/2021\/03\/EDOMEX-10.jpg\" alt=\"\" width=\"460\" height=\"270\" \/><\/a><p id=\"caption-attachment-501291\" class=\"wp-caption-text\">La vacunaci\u00f3n contra Covid ya lleg\u00f3 a 52 municipios mexiquenses y se han vacunado m\u00e1s de 700 mil adultos mayores.<\/p><\/div>\n<p>&nbsp;<\/p>\n<p><strong>San Mateo Atenco, Estado de M\u00e9xico.- <\/strong>El gobernador Alfredo Del Mazo Maza inform\u00f3 que la vacunaci\u00f3n contra el COVID-19 contin\u00faa en el Estado de M\u00e9xico, y que a partir del 26 de marzo iniciar\u00e1 este proceso en los municipios de Zinacantepec y Metepec.<\/p>\n<p>Asimismo, puntualiz\u00f3 que el objetivo es cuidar la salud de un mill\u00f3n 900 mil adultos mayores de toda la entidad.<\/p>\n<p>\u201cEl d\u00eda de ma\u00f1ana empezaremos a vacunar aqu\u00ed en el municipio de Metepec y Zinacantepec, ma\u00f1ana arranca la vacunaci\u00f3n en esos municipios, y as\u00ed seguiremos avanzando, hoy ya llevamos m\u00e1s de 700 mil adultos mayores que hemos vacunado en todo el Estado de M\u00e9xico\u201d, apunt\u00f3 este jueves.<\/p>\n<p>Durante la entrega de tarjetas del programa del Salario rosa, Del Mazo Maza indic\u00f3 que la vacunaci\u00f3n se lleva a cabo en coordinaci\u00f3n con el Gobierno de M\u00e9xico, la administraci\u00f3n estatal y los Ayuntamiento mexiquenses.<\/p>\n<p>Puntualiz\u00f3 que se ha llevado el proceso de vacunaci\u00f3n en 52 municipios mexiquenses, y agradeci\u00f3 al Gobierno de M\u00e9xico el esfuerzo que se lleva a cabo para que la vacuna llegue a las familias de la entidad.<\/p>\n<p>El mandatario estatal destac\u00f3 que la vacunaci\u00f3n permitir\u00e1 ir regresando a la normalidad, record\u00f3 que ahorita el objetivo es proteger a los adultos mayores, y a quienes ya cuentan con la primera dosis los invit\u00f3 a seguirse cuidando y esperar a que llegue la segunda aplicaci\u00f3n.<\/p>\n","protected":false},"excerpt":{"rendered":"<p>El gobernador Alfredo Del Mazo Maza inform\u00f3 que la vacunaci\u00f3n contra el COVID-19 contin\u00faa en el Estado de M\u00e9xico, y que a partir del 26 de marzo iniciar\u00e1 este proceso en los municipios de Zinacantepec y Metepec.<\/p>\n","protected":false},"author":3,"featured_media":501291,"comment_status":"open","ping_status":"open","sticky":false,"template":"","format":"standard","meta":{"_monsterinsights_skip_tracking":false,"_monsterinsights_sitenote_active":false,"_monsterinsights_sitenote_note":"","_monsterinsights_sitenote_category":0,"footnotes":""},"categories":[5],"tags":[15930,43675,6776,2643],"class_list":["post-501167","post","type-post","status-publish","format-standard","has-post-thumbnail","hentry","category-estado-de-mexico","tag-adultos-mayores","tag-estado-de-mexico","tag-san-mateo-atenco","tag-vacunacion"],"_links":{"self":[{"href":"https:\/\/www.diarioimagen.net\/index.php?rest_route=\/wp\/v2\/posts\/501167","targetHints":{"allow":["GET"]}}],"collection":[{"href":"https:\/\/www.diarioimagen.net\/index.php?rest_route=\/wp\/v2\/posts"}],"about":[{"href":"https:\/\/www.diarioimagen.net\/index.php?rest_route=\/wp\/v2\/types\/post"}],"author":[{"embeddable":true,"href":"https:\/\/www.diarioimagen.net\/index.php?rest_route=\/wp\/v2\/users\/3"}],"replies":[{"embeddable":true,"href":"https:\/\/www.diarioimagen.net\/index.php?rest_route=%2Fwp%2Fv2%2Fcomments&post=501167"}],"version-history":[{"count":0,"href":"https:\/\/www.diarioimagen.net\/index.php?rest_route=\/wp\/v2\/posts\/501167\/revisions"}],"wp:featuredmedia":[{"embeddable":true,"href":"https:\/\/www.diarioimagen.net\/index.php?rest_route=\/wp\/v2\/media\/501291"}],"wp:attachment":[{"href":"https:\/\/www.diarioimagen.net\/index.php?rest_route=%2Fwp%2Fv2%2Fmedia&parent=501167"}],"wp:term":[{"taxonomy":"category","embeddable":true,"href":"https:\/\/www.diarioimagen.net\/index.php?rest_route=%2Fwp%2Fv2%2Fcategories&post=501167"},{"taxonomy":"post_tag","embeddable":true,"href":"https:\/\/www.diarioimagen.net\/index.php?rest_route=%2Fwp%2Fv2%2Ftags&post=501167"}],"curies":[{"name":"wp","href":"https:\/\/api.w.org\/{rel}","templated":true}]}}