{"id":501175,"date":"2021-03-26T00:02:29","date_gmt":"2021-03-26T06:02:29","guid":{"rendered":"https:\/\/www.diarioimagen.net\/?p=501175"},"modified":"2021-03-26T04:41:30","modified_gmt":"2021-03-26T10:41:30","slug":"se-mejoran-instalaciones-y-espacios-de-la-casa-de-la-juventud-de-cuautitlan","status":"publish","type":"post","link":"https:\/\/www.diarioimagen.net\/?p=501175","title":{"rendered":"Se mejoran instalaciones y espacios de la Casa de la Juventud de Cuautitl\u00e1n"},"content":{"rendered":"<p>&nbsp;<\/p>\n<ul>\n<li><strong><em>En reconocimiento a sus actividades<\/em><\/strong><\/li>\n<\/ul>\n<p>&nbsp;<\/p>\n<div id=\"attachment_501340\" style=\"width: 470px\" class=\"wp-caption aligncenter\"><a href=\"https:\/\/www.diarioimagen.net\/?attachment_id=501340\" rel=\"attachment wp-att-501340\"><img loading=\"lazy\" decoding=\"async\" aria-describedby=\"caption-attachment-501340\" class=\"size-full wp-image-501340\" src=\"https:\/\/www.diarioimagen.net\/wp-content\/uploads\/2021\/03\/cuautitlan-7.jpg\" alt=\"\" width=\"460\" height=\"270\" \/><\/a><p id=\"caption-attachment-501340\" class=\"wp-caption-text\">El Instituto Mexicano de la Juventud entreg\u00f3 insumos para mejorar las instalaciones de la Casa de la Juventud de la colonia El Infiernillo.<\/p><\/div>\n<p>&nbsp;<\/p>\n<p><strong>Cuautitl\u00e1n, Estado de M\u00e9xico<\/strong>.- En reconocimiento a las actividades realizadas por la Coordinaci\u00f3n de la Juventud, \u00e9sta recibi\u00f3 insumos para mejorar las instalaciones que les permitir\u00e1 eficientar las actividades de decenas de vecinos que acuden a la Casa de la Juventud de la colonia El Infiernillo.<\/p>\n<p>El Instituto Mexicano de la Juventud, hizo entrega de estos recursos que buscan generar espacios para el aprovechamiento de las capacidades y talentos de las y los j\u00f3venes, por lo que la coordinaci\u00f3n se hizo acreedora del premio en el rubro de \u201cFortalecimiento\u201d, con insumos y mobiliario equivalente a 70 mil pesos.<\/p>\n<p>Adem\u00e1s, este centro es ahora Territorio Joven y forma parte de los Clubes por la Paz 2020 en el pa\u00eds, que est\u00e1n vinculados a la estrategia nacional de prevenci\u00f3n de adicciones para la generaci\u00f3n de espacios de inclusi\u00f3n, donde podr\u00e1n acudir los m\u00e1s de 30 mil j\u00f3venes que se estima viven en el municipio.<\/p>\n<p>En la entrega de apoyos tambi\u00e9n fueron beneficiados los organismos de la juventud de los municipios de San Felipe del Progreso y San Mart\u00edn de Las Pir\u00e1mides, de ah\u00ed la importancia de continuar con la promoci\u00f3n de actividades para los j\u00f3venes en la entidad ante la actual pandemia, destac\u00f3 el titular de la Casa de la juventud en Cuautitl\u00e1n.<\/p>\n<p>Debido a las condiciones sanitarias en la entidad, se inform\u00f3 que las actividades que se ven\u00edan realizando en la Casa de la Juventud, se han paralizado temporalmente, sin embargo los interesados pueden acudir a los espacios abiertos como la pista de skate o canchas deportivas, siempre conservando las medidas sanitarias.<\/p>\n","protected":false},"excerpt":{"rendered":"<p>En reconocimiento a las actividades realizadas por la Coordinaci\u00f3n de la Juventud, \u00e9sta recibi\u00f3 insumos para mejorar las instalaciones que les permitir\u00e1 eficientar las actividades de decenas de vecinos que acuden a la Casa de la Juventud de la colonia El Infiernillo.<\/p>\n","protected":false},"author":3,"featured_media":501340,"comment_status":"open","ping_status":"open","sticky":false,"template":"","format":"standard","meta":{"_monsterinsights_skip_tracking":false,"_monsterinsights_sitenote_active":false,"_monsterinsights_sitenote_note":"","_monsterinsights_sitenote_category":0,"footnotes":""},"categories":[5],"tags":[92648,681,90955,43675],"class_list":["post-501175","post","type-post","status-publish","format-standard","has-post-thumbnail","hentry","category-estado-de-mexico","tag-casa-de-la-juventud","tag-cuautitlan","tag-el-infiernillo","tag-estado-de-mexico"],"_links":{"self":[{"href":"https:\/\/www.diarioimagen.net\/index.php?rest_route=\/wp\/v2\/posts\/501175","targetHints":{"allow":["GET"]}}],"collection":[{"href":"https:\/\/www.diarioimagen.net\/index.php?rest_route=\/wp\/v2\/posts"}],"about":[{"href":"https:\/\/www.diarioimagen.net\/index.php?rest_route=\/wp\/v2\/types\/post"}],"author":[{"embeddable":true,"href":"https:\/\/www.diarioimagen.net\/index.php?rest_route=\/wp\/v2\/users\/3"}],"replies":[{"embeddable":true,"href":"https:\/\/www.diarioimagen.net\/index.php?rest_route=%2Fwp%2Fv2%2Fcomments&post=501175"}],"version-history":[{"count":0,"href":"https:\/\/www.diarioimagen.net\/index.php?rest_route=\/wp\/v2\/posts\/501175\/revisions"}],"wp:featuredmedia":[{"embeddable":true,"href":"https:\/\/www.diarioimagen.net\/index.php?rest_route=\/wp\/v2\/media\/501340"}],"wp:attachment":[{"href":"https:\/\/www.diarioimagen.net\/index.php?rest_route=%2Fwp%2Fv2%2Fmedia&parent=501175"}],"wp:term":[{"taxonomy":"category","embeddable":true,"href":"https:\/\/www.diarioimagen.net\/index.php?rest_route=%2Fwp%2Fv2%2Fcategories&post=501175"},{"taxonomy":"post_tag","embeddable":true,"href":"https:\/\/www.diarioimagen.net\/index.php?rest_route=%2Fwp%2Fv2%2Ftags&post=501175"}],"curies":[{"name":"wp","href":"https:\/\/api.w.org\/{rel}","templated":true}]}}