{"id":501226,"date":"2021-03-26T00:05:35","date_gmt":"2021-03-26T06:05:35","guid":{"rendered":"https:\/\/www.diarioimagen.net\/?p=501226"},"modified":"2021-03-28T23:52:14","modified_gmt":"2021-03-29T05:52:14","slug":"salgado-macedonio-icono-del-poder","status":"publish","type":"post","link":"https:\/\/www.diarioimagen.net\/?p=501226","title":{"rendered":"Salgado Macedonio, \u00edcono del poder"},"content":{"rendered":"<h2>Desde el portal<\/h2>\n<h5>\u00c1ngel Soriano<\/h5>\n<p>&nbsp;<\/p>\n<p>Independientemente de la decisi\u00f3n de los consejeros del INE de dejar fuera o no a F\u00e9lix Salgado Macedonio como candidato de Morena a la gubernatura de Guerrero, el senador con licencia es \u00edcono del poder de la 4T que sondea sus decisiones, entre imponerlas o aceptar la presi\u00f3n popular. Lo primero est\u00e1 en juego.<\/p>\n<p>En el caso del <em>Toro sin cerca<\/em> no es una bandera de los adversarios ni un intenci\u00f3n del INE -como dice el mismo guerrerense-, de dejarlo fuera de la contienda, sino porque se trata de un personaje impresentable ante la serie de atropellos y violaciones a la Ley, agresiones a las mujeres y otros hechos denigrantes y ofensivos a la sociedad.<\/p>\n<p>De imponerse la candidatura, ser\u00edan los mismos votantes de Guerrero -en el supuesto caso de respeto al voto-, los que decidir\u00e1n si es gobernador o no. Y a\u00fan cuando contendiera por una regidur\u00eda, que es una representaci\u00f3n popular, no ser\u00eda una representaci\u00f3n digna. Su conducta s\u00f3lo merece el rechazo de la sociedad y hacer lo contrario es ofensivo e irrespetuoso hacia las normas de convivencia.<\/p>\n<p>Si la 4T desea demostrar su poder con la imposici\u00f3n de Salgado, es una visi\u00f3n equivocada. Aqu\u00ed lo que se trata es de respetar la convivencia civilizada de la sociedad, el respeto hacia las mujeres, la dignidad de los cargos p\u00fablicos, y la moralidad en el ejercicio de las funciones p\u00fablicas, pues los hechos y la fama p\u00fablica est\u00e1n comprobados. Es tambi\u00e9n una lucha por la existencia del INE.<\/p>\n<p style=\"text-align: center;\"><strong>TURBULENCIAS<br \/>\nVacunas falsas y fuga de delincuentes<\/strong><\/p>\n<p>La presencia de vacunas falsas en Campeche que pretend\u00edan ser llevadas a Honduras deja al descubierto otro vicio ancestral: la antigua pr\u00e1ctica de detener a delincuentes y luego, mediante pago anticipado, dejarlos en libertad. Y as\u00ed la comisi\u00f3n de delitos sigue en auge, la delincuencia act\u00faa en complicidad de la misma polic\u00eda sin que se castiguen los delitos. Y graves, como es la falsificaci\u00f3n de la vacuna rusa Sputnik y la aplicaci\u00f3n irresponsable y criminal a personas de buena fe\u2026 De acuerdo al subsecretario Hugo L\u00f3pez-Gatell, el posible retorno a clases ocurrir\u00eda dos semanas despu\u00e9s de la semana santa, porque el retorno de vacacionistas podr\u00eda alentar un rebrote de la epidemia de covid-19, por lo que hay que esperar los efectos del retorno de viajeros y, si no pasa nada, podr\u00edan volver de manera escalonada las actividades escolares, acuerdo tomado en com\u00fan acuerdo con la titular de la SEP, Delfina G\u00f3mez y su equipo, en reuni\u00f3n en Campeche\u2026 La madrugada de este jueves 25 de marzo, el secretario de Salud de Oaxaca, Juan Carlos M\u00e1rquez Heine, acudi\u00f3 al puesto de vacunaci\u00f3n de Covid-19 en la localidad de Villa de Zaachila, en donde reconoci\u00f3 el compromiso, dedicaci\u00f3n y profesionalismo del personal sanitario, as\u00ed como de los servidores de la naci\u00f3n, reiter\u00f3 su solidaridad con los responsables m\u00e9dicos, de enfermer\u00eda, personal de apoyo, elementos de las Fuerzas Armadas y dependencias federales, as\u00ed como a todo el personal que hace posible la ejecuci\u00f3n de las brigadas especiales para llevar a cabo la Pol\u00edtica Nacional de Vacunaci\u00f3n contra el virus SARS-CoV-2 para la prevenci\u00f3n de la Covid-19 en la entidad. \u201cMerecen nuestro respeto y m\u00e1s grande admiraci\u00f3n; s\u00f3lo trabajando en equipo, instituciones y sociedad, se lograr\u00e1 superar la emergencia sanitaria\u201d, dijo\u2026 El candidato del PES a la gubernatura de Baja California, Jorge Hank Rhon, dijo que en su campa\u00f1a har\u00e1 a un lado las descalificaciones -como las que hizo de su persona el gobernador Jaime Bonilla- y se inclina m\u00e1s por las propuestas, sobre todo porque participan en la contiendas mujeres, en clara referencia a Lupia Jones, ex Miss Universo, que es alentada por la alianza PRI-PAN-PRD.<\/p>\n<p><a href=\"mailto:asorianocarrasco@yahoo.com\" target=\"_blank\" rel=\"noopener noreferrer\"><em>asorianocarrasco@yahoo.com<\/em><\/a><br \/>\n<em><a href=\"https:\/\/revistabrecha.com\" target=\"_blank\" rel=\"noopener noreferrer\">www.revistabrecha.com<\/a><br \/>\n<a href=\"https:\/\/twitter.com\/brecharevista\" target=\"_blank\" rel=\"noopener noreferrer\">@BrechaRevista<\/a><\/em><\/p>\n","protected":false},"excerpt":{"rendered":"<p><span style=\"color: #005497;\"><strong>\u00c1ngel Soriano<\/strong><\/span><\/p>\n","protected":false},"author":3,"featured_media":0,"comment_status":"open","ping_status":"open","sticky":false,"template":"","format":"standard","meta":{"_monsterinsights_skip_tracking":false,"_monsterinsights_sitenote_active":false,"_monsterinsights_sitenote_note":"","_monsterinsights_sitenote_category":0,"footnotes":""},"categories":[135],"tags":[85,86,43674],"class_list":["post-501226","post","type-post","status-publish","format-standard","hentry","category-angel-soriano-opinion","tag-angel-soriano","tag-desde-el-portal","tag-opinion"],"_links":{"self":[{"href":"https:\/\/www.diarioimagen.net\/index.php?rest_route=\/wp\/v2\/posts\/501226","targetHints":{"allow":["GET"]}}],"collection":[{"href":"https:\/\/www.diarioimagen.net\/index.php?rest_route=\/wp\/v2\/posts"}],"about":[{"href":"https:\/\/www.diarioimagen.net\/index.php?rest_route=\/wp\/v2\/types\/post"}],"author":[{"embeddable":true,"href":"https:\/\/www.diarioimagen.net\/index.php?rest_route=\/wp\/v2\/users\/3"}],"replies":[{"embeddable":true,"href":"https:\/\/www.diarioimagen.net\/index.php?rest_route=%2Fwp%2Fv2%2Fcomments&post=501226"}],"version-history":[{"count":0,"href":"https:\/\/www.diarioimagen.net\/index.php?rest_route=\/wp\/v2\/posts\/501226\/revisions"}],"wp:attachment":[{"href":"https:\/\/www.diarioimagen.net\/index.php?rest_route=%2Fwp%2Fv2%2Fmedia&parent=501226"}],"wp:term":[{"taxonomy":"category","embeddable":true,"href":"https:\/\/www.diarioimagen.net\/index.php?rest_route=%2Fwp%2Fv2%2Fcategories&post=501226"},{"taxonomy":"post_tag","embeddable":true,"href":"https:\/\/www.diarioimagen.net\/index.php?rest_route=%2Fwp%2Fv2%2Ftags&post=501226"}],"curies":[{"name":"wp","href":"https:\/\/api.w.org\/{rel}","templated":true}]}}