{"id":501233,"date":"2021-03-26T00:04:24","date_gmt":"2021-03-26T06:04:24","guid":{"rendered":"https:\/\/www.diarioimagen.net\/?p=501233"},"modified":"2021-03-26T01:42:37","modified_gmt":"2021-03-26T07:42:37","slug":"romero-deschamps-el-afortunado","status":"publish","type":"post","link":"https:\/\/www.diarioimagen.net\/?p=501233","title":{"rendered":"Romero Deschamps, el afortunado"},"content":{"rendered":"<h2>Punto por punto<\/h2>\n<h5>Augusto Corro<\/h5>\n<p>&nbsp;<\/p>\n<p>El ex dirigente petrolero Carlos Romero Deschamps, una vez jubilado, se entregar\u00e1 a vivir rodeado de riquezas, sin el temor de enfrentar a la justicia.<\/p>\n<p>M\u00e1s de veintis\u00e9is a\u00f1os al frente del sindicalismo <em>charro<\/em> logr\u00f3 acumular una fortuna que lo convirti\u00f3 en jeque petrolero.<\/p>\n<p>Sus propiedades y negocios se multiplicaron a la sombra del poder. Convivi\u00f3 con los presidentes de la Rep\u00fablica durante varios sexenios.<\/p>\n<p>Durante su gesti\u00f3n sindical fue acusado de innumerables delitos, incluido el de enriquecimiento il\u00edcito.<\/p>\n<p>Su representaci\u00f3n sindical le permiti\u00f3 burlarse de la justicia, que generosa, le perdon\u00f3 su presunta conducta llena de ilegalidades.<\/p>\n<p>Tambi\u00e9n aprovech\u00f3 la oportunidad de protegerse con el fuero, pues varias veces fue diputado y en una ocasi\u00f3n senador.<\/p>\n<p>Con una vida familiar ejemplar, el ex l\u00edder extendi\u00f3 la riqueza a sus hijos Alejandro, Jos\u00e9 Carlos y Paulina Romero Dur\u00e1n, que les permiti\u00f3 vivir en la opulencia. As\u00ed lo mostraron los mismos protagonistas que en videos presumieron lujos excesivos como los viajes en aviones privados, coches deportivos, yates, etc\u00e9tera.<\/p>\n<p>Se supone que la Unidad de Investigaci\u00f3n Financiera de la Secretar\u00eda de Hacienda a\u00fan investiga posibles irregularidades en la riqueza de Romero Deschamps.<\/p>\n<p>Como se present\u00f3 la impunidad del ex l\u00edder por parte de las autoridades, ya nada habr\u00e1 que perturbe su felicidad.<\/p>\n<p>Romero Deschamps es el ejemplo del <em>charrismo<\/em> sindical siempre subordinado a los intereses de los presidentes de la Rep\u00fablica.<\/p>\n<p style=\"text-align: center;\"><strong>Acci\u00f3n Nacional, sin l\u00edderes<\/strong><\/p>\n<p>Empezar\u00e1n las campa\u00f1as rumbo a la elecci\u00f3n m\u00e1s grande en M\u00e9xico y los partidos pol\u00edticos lucen pobreza en sus liderazgos.Por ejemplo, Acci\u00f3n Nacional no encuentra al l\u00edder que lo lleve a la victoria en las elecciones del pr\u00f3ximo mes de junio.<\/p>\n<p>El partido panista fue ejemplo de pol\u00edtica opositora en los sexenios del Partido Revolucionario Institucional (PRI) en el poder.<\/p>\n<p>En el a\u00f1o 2000, los blanquiazules tuvieron la oportunidad de gobernar M\u00e9xico, pero la desaprovecharon.<\/p>\n<p>El triunfador de las elecciones fue el guanajuatense Vicente Fox, quien despreci\u00f3 el cambio que le exig\u00eda M\u00e9xico.\u00a0 Se fue por la ruta f\u00e1cil y su esposa Martha Sahag\u00fan se encarg\u00f3 de manejar los destinos de nuestro pa\u00eds, con los errores que conocemos.<\/p>\n<p>Lleg\u00f3 el fin del sexenio foxista y el matrimonio Fox-Sahag\u00fan ayudaron al panista Felipe Calder\u00f3n a continuar en el poder.\u00a0 Fox fue protegido por el blanquiazul Calder\u00f3n, quien para justificar su triunfo tras el fraude que lo llev\u00f3 al poder, declar\u00f3 la guerra al crimen organizado.<\/p>\n<p>En s\u00edntesis, la experiencia de los gobiernos panistas fue negativa, por decirlo amablemente.<\/p>\n<p>La \u00faltima derrota estrepitosa de los blanquiazules se registr\u00f3 en las \u00faltimas elecciones presidenciales.<\/p>\n<p>Su candidato, el <em>joven maravilla<\/em>, Ricardo Anaya, se encarg\u00f3 de hacer el rid\u00edculo y perdieron.<\/p>\n<p>Gan\u00f3 las elecciones Andr\u00e9s Manuel L\u00f3pez Obrador del partido Movimiento Regeneraci\u00f3n Nacional (Morena). La manera de gobernar del tabasque\u00f1o que asumi\u00f3 el poder en 2018 no satisfizo a la oposici\u00f3n que ya se organiza para la contienda electoral que concluir\u00e1 en junio pr\u00f3ximo.<\/p>\n<p style=\"text-align: center;\"><strong>Calder\u00f3n, Fern\u00e1ndez de Cevallos, Creel y Anaya<\/strong><\/p>\n<p>Hasta hace varios meses, los representantes de la oposici\u00f3n, principalmente los panistas, decidieron enfrentar al gobierno obradorista.<\/p>\n<p>A trav\u00e9s de los medios electr\u00f3nicos promovieron sus inquietudes y puntos de vista contra L\u00f3pez Obrador.<\/p>\n<p>En cuanto pudo, el ex presidente Felipe Calder\u00f3n comenz\u00f3 a enviar sus mensajes de cr\u00edticas y protestas por diferentes medios.<\/p>\n<p>Le sigui\u00f3 el ex presidente Fox que adem\u00e1s de reflejar su disgusto con el gobierno, ense\u00f1\u00f3 que su preparaci\u00f3n escolar es nula.\u00a0 En el presente, los panistas m\u00e1s viejos se dieron cuenta de los vac\u00edos de liderazgo en su partido y decidieron regresar al activismo pol\u00edtico, no sin causar extra\u00f1eza.<\/p>\n<p><em>El jefe<\/em> Diego, como le llaman a Diego Fern\u00e1ndez de Cevallos, a sus 80 a\u00f1os, ser\u00e1 el ejemplo para las juventudes panistas.<\/p>\n<p>El blanquiazul irrumpi\u00f3 en las redes sociales para convocar a los j\u00f3venes a lucha \u201cpor un M\u00e9xico sin mentiras\u201d.<\/p>\n<p>Por otra parte, Santiago Creel, un panista en retiro, anunci\u00f3 su regreso a la actividad pol\u00edtica. Podr\u00eda reiniciar su carrera de <em>grillo<\/em> en una curul en la C\u00e1mara de Diputados.<\/p>\n<p>El blanquiazul Ricardo Anaya, poco ingenioso, inici\u00f3 un recorrido por todo el pa\u00eds para promover su candidatura a la presidencia de la Rep\u00fablica en el 2024.<\/p>\n<p>\u00bfUsted qu\u00e9 opina amable lector?<\/p>\n<p><a href=\"mailto:aco2742@hotmail.com\" target=\"_blank\" rel=\"noopener noreferrer\"><em>aco2742@hotmail.com<\/em><\/a><\/p>\n","protected":false},"excerpt":{"rendered":"<p><span style=\"color: #005497;\"><strong>Augusto Corro<\/strong><\/span><\/p>\n","protected":false},"author":3,"featured_media":0,"comment_status":"open","ping_status":"open","sticky":false,"template":"","format":"standard","meta":{"_monsterinsights_skip_tracking":false,"_monsterinsights_sitenote_active":false,"_monsterinsights_sitenote_note":"","_monsterinsights_sitenote_category":0,"footnotes":""},"categories":[157],"tags":[43686,43674,11515],"class_list":["post-501233","post","type-post","status-publish","format-standard","hentry","category-augusto-corro","tag-augusto-corro","tag-opinion","tag-punto-por-punto"],"_links":{"self":[{"href":"https:\/\/www.diarioimagen.net\/index.php?rest_route=\/wp\/v2\/posts\/501233","targetHints":{"allow":["GET"]}}],"collection":[{"href":"https:\/\/www.diarioimagen.net\/index.php?rest_route=\/wp\/v2\/posts"}],"about":[{"href":"https:\/\/www.diarioimagen.net\/index.php?rest_route=\/wp\/v2\/types\/post"}],"author":[{"embeddable":true,"href":"https:\/\/www.diarioimagen.net\/index.php?rest_route=\/wp\/v2\/users\/3"}],"replies":[{"embeddable":true,"href":"https:\/\/www.diarioimagen.net\/index.php?rest_route=%2Fwp%2Fv2%2Fcomments&post=501233"}],"version-history":[{"count":0,"href":"https:\/\/www.diarioimagen.net\/index.php?rest_route=\/wp\/v2\/posts\/501233\/revisions"}],"wp:attachment":[{"href":"https:\/\/www.diarioimagen.net\/index.php?rest_route=%2Fwp%2Fv2%2Fmedia&parent=501233"}],"wp:term":[{"taxonomy":"category","embeddable":true,"href":"https:\/\/www.diarioimagen.net\/index.php?rest_route=%2Fwp%2Fv2%2Fcategories&post=501233"},{"taxonomy":"post_tag","embeddable":true,"href":"https:\/\/www.diarioimagen.net\/index.php?rest_route=%2Fwp%2Fv2%2Ftags&post=501233"}],"curies":[{"name":"wp","href":"https:\/\/api.w.org\/{rel}","templated":true}]}}