{"id":501643,"date":"2021-03-31T00:02:20","date_gmt":"2021-03-31T06:02:20","guid":{"rendered":"https:\/\/www.diarioimagen.net\/?p=501643"},"modified":"2021-03-31T02:19:29","modified_gmt":"2021-03-31T08:19:29","slug":"exitosa-campana-de-vacunacion-de-adultos-mayores-en-huixquilucan","status":"publish","type":"post","link":"https:\/\/www.diarioimagen.net\/?p=501643","title":{"rendered":"Exitosa campa\u00f1a de vacunaci\u00f3n de adultos mayores, en Huixquilucan"},"content":{"rendered":"<p>&nbsp;<\/p>\n<p><a href=\"https:\/\/www.diarioimagen.net\/?attachment_id=501724\" rel=\"attachment wp-att-501724\"><img loading=\"lazy\" decoding=\"async\" class=\"aligncenter size-full wp-image-501724\" src=\"https:\/\/www.diarioimagen.net\/wp-content\/uploads\/2021\/03\/huixquilucan-15.jpg\" alt=\"\" width=\"460\" height=\"690\" \/><\/a><\/p>\n<p>&nbsp;<\/p>\n<p><strong>Huixquilucan, Estado de M\u00e9xico.-<\/strong> Concluye este mi\u00e9rcoles la vacunaci\u00f3n contra la Covid-19 a los adultos mayores de Huixquilucan, en la que el gobierno municipal dispuso de dos sedes en las que se aplicaron el agente biol\u00f3gico, inform\u00f3 el alcalde Enrique Vargas del Villar.<\/p>\n<p>Resalt\u00f3 que en el caso del m\u00f3dulo instalado en la Universidad An\u00e1huac, los adultos mayores pueden ingresar en autom\u00f3vil. El presidente municipal reconoci\u00f3 al delegado de Programas Federales, Juan Carlos Gonz\u00e1lez Romero; al coordinador del Instituto de Salud, Miguel \u00c1ngel Mu\u00f1oz; y al coordinador de Protecci\u00f3n Civil del Estado de M\u00e9xico, Ricardo de la Cruz Musalem, por su disposici\u00f3n para coordinar, junto con Huixquilucan, la aplicaci\u00f3n de vacunas.<\/p>\n<p>&nbsp;<\/p>\n","protected":false},"excerpt":{"rendered":"<p>Concluye este mi\u00e9rcoles la vacunaci\u00f3n contra la Covid-19 a los adultos mayores de Huixquilucan, en la que el gobierno municipal dispuso de dos sedes en las que se aplicaron el agente biol\u00f3gico, inform\u00f3 el alcalde Enrique Vargas del Villar.<\/p>\n","protected":false},"author":3,"featured_media":501723,"comment_status":"open","ping_status":"open","sticky":false,"template":"","format":"standard","meta":{"_monsterinsights_skip_tracking":false,"_monsterinsights_sitenote_active":false,"_monsterinsights_sitenote_note":"","_monsterinsights_sitenote_category":0,"footnotes":""},"categories":[5],"tags":[43675,92679,1097,2643],"class_list":["post-501643","post","type-post","status-publish","format-standard","has-post-thumbnail","hentry","category-estado-de-mexico","tag-estado-de-mexico","tag-exitosa","tag-huixquilucan","tag-vacunacion"],"_links":{"self":[{"href":"https:\/\/www.diarioimagen.net\/index.php?rest_route=\/wp\/v2\/posts\/501643","targetHints":{"allow":["GET"]}}],"collection":[{"href":"https:\/\/www.diarioimagen.net\/index.php?rest_route=\/wp\/v2\/posts"}],"about":[{"href":"https:\/\/www.diarioimagen.net\/index.php?rest_route=\/wp\/v2\/types\/post"}],"author":[{"embeddable":true,"href":"https:\/\/www.diarioimagen.net\/index.php?rest_route=\/wp\/v2\/users\/3"}],"replies":[{"embeddable":true,"href":"https:\/\/www.diarioimagen.net\/index.php?rest_route=%2Fwp%2Fv2%2Fcomments&post=501643"}],"version-history":[{"count":0,"href":"https:\/\/www.diarioimagen.net\/index.php?rest_route=\/wp\/v2\/posts\/501643\/revisions"}],"wp:featuredmedia":[{"embeddable":true,"href":"https:\/\/www.diarioimagen.net\/index.php?rest_route=\/wp\/v2\/media\/501723"}],"wp:attachment":[{"href":"https:\/\/www.diarioimagen.net\/index.php?rest_route=%2Fwp%2Fv2%2Fmedia&parent=501643"}],"wp:term":[{"taxonomy":"category","embeddable":true,"href":"https:\/\/www.diarioimagen.net\/index.php?rest_route=%2Fwp%2Fv2%2Fcategories&post=501643"},{"taxonomy":"post_tag","embeddable":true,"href":"https:\/\/www.diarioimagen.net\/index.php?rest_route=%2Fwp%2Fv2%2Ftags&post=501643"}],"curies":[{"name":"wp","href":"https:\/\/api.w.org\/{rel}","templated":true}]}}